{"id":24750,"date":"2026-03-18T16:30:25","date_gmt":"2026-03-18T15:30:25","guid":{"rendered":"https:\/\/contenidosportal.sld.cu\/saludeseltema\/?p=24750"},"modified":"2026-03-21T16:48:41","modified_gmt":"2026-03-21T15:48:41","slug":"queloide-de-alibert","status":"publish","type":"post","link":"https:\/\/contenidosportal.sld.cu\/saludeseltema\/2026\/03\/18\/queloide-de-alibert\/","title":{"rendered":"Queloide de Alibert"},"content":{"rendered":"<p><img loading=\"lazy\" decoding=\"async\" class=\"size-medium wp-image-24751 alignleft\" src=\"https:\/\/contenidosportal.sld.cu\/saludeseltema\/wp-content\/uploads\/sites\/4\/2026\/03\/queloide-300x142.jpg\" alt=\"Queloide\" width=\"300\" height=\"142\" srcset=\"https:\/\/contenidosportal.sld.cu\/saludeseltema\/wp-content\/uploads\/sites\/4\/2026\/03\/queloide-300x142.jpg 300w, https:\/\/contenidosportal.sld.cu\/saludeseltema\/wp-content\/uploads\/sites\/4\/2026\/03\/queloide.jpg 385w\" sizes=\"auto, (max-width: 300px) 100vw, 300px\" \/>El queloide de Alibert es una lesi\u00f3n cut\u00e1nea benigna que se caracteriza por su crecimiento incontrolado y su capacidad para extenderse m\u00e1s all\u00e1 de los l\u00edmites de la herida original. Fue el m\u00e9dico franc\u00e9s Jean-Louis Alibert quien describi\u00f3 por primera vez este tipo de cicatriz en 1810, utilizando el t\u00e9rmino \u00abqueloide\u00bb que proviene del griego \u00abchele\u00bb, que significa pinza de cangrejo. Alibert lo clasific\u00f3 como una afecci\u00f3n de la piel que se presenta como una excrecencia firme y de borde irregular, rica en fibroblastos y fibras col\u00e1genas, que puede ser muy resistente al tratamiento. Es una hipertrofia del tejido cicatrizal, que algunas veces se observa en las amputacuiones, quemaduras, etc., formando tumores s\u00e9siles o pediculados.<\/p>\n<div>\n<p>Jean Louis Alibert\u00a0 (1768-1837)\u00a0naci\u00f3 en el peque\u00f1o pueblo del suroeste franc\u00e9s de Villefranche de Rouergue, el 2 de mayo de 1768. Hijo de Pierre Alibert, consejero del \u00abpr\u00e9sidial de Villefranche\u00bb, y de Claudine Alric.<\/p>\n<p>Realiz\u00f3 los primeros estudios en las escuelas de los Padres de la doctrina cristiana; su vocaci\u00f3n se inclinaba hacia el sacerdocio, pero en 1792 el movimiento revolucionario suprimi\u00f3 todas las \u00f3rdenes y congregaciones religiosas. Lo mismo sucedi\u00f3 con las instituciones y corporaciones docentes, incluidas la Facultad de medicina y la Academia de cirug\u00eda.<\/p>\n<p><img loading=\"lazy\" decoding=\"async\" class=\"alignleft\" src=\"https:\/\/www.historiadelamedicina.org\/imagenes\/alibert.jpg\" alt=\"Jean Louis Alibert\" width=\"202\" height=\"290\" \/><\/p>\n<p>Alibert decidi\u00f3 dedicarse a la ense\u00f1anza. Fue enviado a Par\u00eds en 1795 para ingresar en la Escuela normal que se abri\u00f3 el 20 de enero de 1795, pero \u00e9sta se disolvi\u00f3 el 19 de mayo siguiente. Alibert frecuentaba las tertulias de Anne-Catherine de Ligniville, Madame Helv\u00e9tius (1722-1800), por donde pasaron Buffon, Condillac, Diderot, Lavoisier, Cuvier, Condorcet, entre otros. All\u00ed entr\u00f3 en contacto con Pierre J.G. Cabanis y con Pierre Roussel, ambos con mucha influencia pol\u00edtica. Parece que le empujaron a estudiar medicina a la vez que le introdujeron en la filosof\u00eda de Condillac.<\/p>\n<p>En 1796 ingres\u00f3 en la nueva \u00c9cole de Sant\u00e9, reformulaci\u00f3n de la vieja facultad, en la que la revoluci\u00f3n introdujo importantes cambios. Uno de ellos fue la unificaci\u00f3n de la medicina y la cirug\u00eda. Otra fue la creaci\u00f3n de hospitales especializados; por primera vez se dispuso de personal m\u00e9dico cualificado para dedicarse a determinadas disciplinas tanto en la asistencia, como en la ense\u00f1anza y la investigaci\u00f3n. En este sentido el hospital en Francia se convertir\u00eda en la fortaleza principal de la docencia. Otra caracter\u00edstica fue la inclusi\u00f3n de nuevas materias en el curriculum como la historia natural, la qu\u00edmica, la f\u00edsica y la farmacia, ciencias b\u00e1sicas que Alibert denomin\u00f3 \u00abciencias accesorias de la medicina\u00bb. Fue en este ambiente en el que se form\u00f3 Alibert. En su etapa de estudiante fue uno de los fundadores y secretario general de la Societ\u00e9 m\u00e9dicale d&#8217;\u00e9mulation, en cuyas memorias public\u00f3 varios trabajos.<\/p>\n<p>En 1800 ley\u00f3 su tesis\u00a0<span class=\"cursiva\">Dissertation sur les fi\u00e8vres pernicieuses ou ataxiques intermittentes<\/span>. La prepar\u00f3 en el departamento que dirig\u00eda Philippe Pinel (1745-1826). Se considera a \u00e9ste como el eslab\u00f3n entre la medicina del periodo ilustrado y la escuela anatomocl\u00ednica. Fue la cabeza de los m\u00e9dicos que eran conscientes de estar inaugurando una nueva etapa de la medicina. Aunque habitualmente se le recuerda como uno de los iniciadores de la psiquiatr\u00eda como especialidad, no menos interesantes fueron sus contribuciones como pat\u00f3logo, cl\u00ednico y terapeuta. En esta \u00faltima rama, por ejemplo, Pinel se mostr\u00f3 contrario a la polifarmacia, puso de manifiesto el peligro de ciertas \u00abmedicaciones heroicas\u00bb y fue un esc\u00e9ptico convencido, pero sin inclinarse a favor o en contra del empirismo o racionalimso. Practic\u00f3 la expectaci\u00f3n terap\u00e9utica.<\/p>\n<p>En 1801 el Hospital de San Luis, que en principio era una instituci\u00f3n para pobres, se convirti\u00f3 en un establecimiento para enfermos cr\u00f3nicos y de enfermedades contagiosas, especialmente las de la piel. Abundaban los enfermos de \u00falceras, escorbuto, escr\u00f3fulas y lepra. Fue a partir del comienzo de siglo que la dermatolog\u00eda y la venereolog\u00eda pasaron a ser especialidades. Uno de los motivos que m\u00e1s influy\u00f3 fue precisamente la creaci\u00f3n de los hospitales especializados. El de Saint Louis ten\u00eda doscientos a\u00f1os de vida, pero fue en 1801 cuando sufri\u00f3 el cambio radical. Alibert ingres\u00f3 como m\u00e9dico adjunto ese mismo a\u00f1o, por sus m\u00e9ritos y quiz\u00e1s por la influencia de Cabanis y Michel Auguste Thouret (1748-1810). En 1807 lleg\u00f3 a ser jefe m\u00e9dico del mismo y cre\u00f3 una cl\u00ednica especial para las enfermedades de la piel. Supo ver las posibilidades de la instituci\u00f3n y desarrollarlas.<\/p>\n<p>Lleg\u00f3 a decir: \u00abHe entrado en una profesi\u00f3n que est\u00e1 casi desierta, donde muy pocos hombres han penetrado antes que yo, donde todo es un problema a considerar con ahinco. Yo mismo me he trazado la senda que sigo. Que cada cual juzgue los numerosos obst\u00e1culos sobre los que tengo que triunfar\u00bb. Saint Louis se convirti\u00f3 pronto en el centro mundial de la dermatolog\u00eda. Aunque seg\u00fan algunos como Ackerknecht, se\u00f1alan que fue un te\u00f3rico mediocre, su disnamismo y capacidad docente fueron reconocidos por la gran cantidad de estudiantes y cl\u00ednicos consagrados que acud\u00edan a sus clases.<\/p>\n<p>All\u00ed tuvo tiempo de estudiar con minuciosidad las enfermedades que afectaban a la piel, ense\u00f1ar sobre ellas y publicar, por lo que se le ha considerado como \u00abpadre de la dermatolog\u00eda\u00bb en Francia. Su ense\u00f1anza cl\u00ednica fue una de las m\u00e1s populares de Par\u00eds. Su fama como docente creci\u00f3; era muy teatral. Acud\u00eda tanta gente a sus clases que se ve\u00eda obligado a salir del anfiteatro para impartir sus lecciones en los jardines, bajo los \u00e1rboles. Uno de sus estudiantes, Oliver Wendell Holmes, dec\u00eda que el jovial anciano preguntaba cuando estaban en el patio del Hospital de Saint Louis: \u00abEnfants de la m\u00e9thode naturelle, \u00eates-vous tous ici?\u00bb<\/p>\n<p>Una de sus obras m\u00e1s importantes fue\u00a0<span class=\"cursiva\">Description des maladies de la peau observ\u00e9es \u00e0 l&#8217;H\u00f4pital Saint-Louis<\/span>\u00a0(1806-1814), que contienen espl\u00e9ndidos grabados a color. Invirti\u00f3 muchos a\u00f1os en concluir la obra. La inclusi\u00f3n de im\u00e1genes fue fundamental. Llama la atenci\u00f3n que \u00e9stas no s\u00f3lo reflejan la lesi\u00f3n, sino el enfermo con su expresi\u00f3n y sus vestidos. En 1818 y en 1822 se publicaron dos ediciones sin las im\u00e1genes.<\/p>\n<p>&nbsp;<\/p>\n<p>Alibert ofreci\u00f3 la primera descripci\u00f3n del pian, micosis que despu\u00e9s denomin\u00f3 micosis fungoide. En 1810 escribi\u00f3 sobre la \u00abquelloides\u00bb (queloides de Alibert). Tambi\u00e9n describi\u00f3 la sif\u00edlide, la dermatosis y la dermatolisis.<\/p>\n<p>En 1832 public\u00f3 su\u00a0<span class=\"cursiva\">Monographie des dermatoses<\/span>, que incluye una lista de sus disc\u00edpulos, y en 1833\u00a0<span class=\"cursiva\">Clinique de l&#8217;H\u00f4pital Saint Louis ou Traitement complet des Maladies de la Peau<\/span>, tambi\u00e9n con l\u00e1minas, que se tradujo al alem\u00e1n y al italiano. Ilustr\u00f3 su clasificaci\u00f3n con el diagrama de un \u00e1rbol: el \u00e1rbol de las dermatosis. El tronco era la piel, las ramas las enfermedades y los v\u00e1stagos las clases. Hab\u00eda doce ramas que representaban doce grupos de enfermedades:<\/p>\n<p>Dermatosis eccematosas: erythema, erysipelas, pemphigus, zoster, etc.<br \/>\nDermatosis exantematosas: variola, vaccinia, varicella, roseola, rubeola, scarlatina, miliaria<br \/>\nDermatosis ti\u00f1osas: achore, porrigne, favus, trichoma<br \/>\nDermatosuis dartrosas: herpese, varus, melitagra, esthiomene<br \/>\nDermatosis cancerosas: carcinoma, keloid<br \/>\nDermatosis leprosas: leuce, spiloplaxis, elephantiasis, redesyge<br \/>\nDermatosis verolosas: syphilis, mycosis<br \/>\nDermatosis estrumosas: scrofula, malleus<br \/>\nDermatosis escabiosas: scabies, prurigo<br \/>\nDermatosis hematosas: peliosis, petechiae<br \/>\nDermatosis discromatosas: pannus, achroma<br \/>\nDermatosis heteromorfas: ichthyosis, tylosis, verruca, onychosis, dermatolysis, nevus, aphtae<\/p>\n<p>&nbsp;<\/p>\n<p>Llev\u00f3 la clasificaci\u00f3n demasiado lejos. Cre\u00f3 nombres nuevos y contribuy\u00f3 a aumentar la confusi\u00f3n. No hab\u00eda detalles descriptivos. Para \u00e9l fue una gran decepci\u00f3n que su disc\u00edpulo L.T. Biett (1781-1840), de origen suizo, sustituyera su clasificaci\u00f3n por la de R. Willan. La escuela de Robert Willan (1757-1812) estuvo enfrentada en un principio a la de Alibert.<\/p>\n<p>Fuente: <a href=\"https:\/\/www.historiadelamedicina.org\/alibert.html\" target=\"_blank\" rel=\"noopener\">Historia de la Medicina<\/a><\/p>\n<\/div>\n","protected":false},"excerpt":{"rendered":"<p>El queloide de Alibert es una lesi\u00f3n cut\u00e1nea benigna que se caracteriza por su crecimiento incontrolado y su capacidad para extenderse m\u00e1s all\u00e1 de los l\u00edmites de la herida original. Fue el m\u00e9dico franc\u00e9s Jean-Louis Alibert quien describi\u00f3 por primera vez este tipo de cicatriz en 1810, utilizando el t\u00e9rmino \u00abqueloide\u00bb que proviene del griego [&hellip;]<\/p>\n","protected":false},"author":22,"featured_media":0,"comment_status":"open","ping_status":"open","sticky":false,"template":"","format":"standard","meta":{"footnotes":""},"categories":[5],"tags":[218],"class_list":["post-24750","post","type-post","status-publish","format-standard","hentry","category-diccionario","tag-queloide"],"_links":{"self":[{"href":"https:\/\/contenidosportal.sld.cu\/saludeseltema\/wp-json\/wp\/v2\/posts\/24750","targetHints":{"allow":["GET"]}}],"collection":[{"href":"https:\/\/contenidosportal.sld.cu\/saludeseltema\/wp-json\/wp\/v2\/posts"}],"about":[{"href":"https:\/\/contenidosportal.sld.cu\/saludeseltema\/wp-json\/wp\/v2\/types\/post"}],"author":[{"embeddable":true,"href":"https:\/\/contenidosportal.sld.cu\/saludeseltema\/wp-json\/wp\/v2\/users\/22"}],"replies":[{"embeddable":true,"href":"https:\/\/contenidosportal.sld.cu\/saludeseltema\/wp-json\/wp\/v2\/comments?post=24750"}],"version-history":[{"count":1,"href":"https:\/\/contenidosportal.sld.cu\/saludeseltema\/wp-json\/wp\/v2\/posts\/24750\/revisions"}],"predecessor-version":[{"id":24752,"href":"https:\/\/contenidosportal.sld.cu\/saludeseltema\/wp-json\/wp\/v2\/posts\/24750\/revisions\/24752"}],"wp:attachment":[{"href":"https:\/\/contenidosportal.sld.cu\/saludeseltema\/wp-json\/wp\/v2\/media?parent=24750"}],"wp:term":[{"taxonomy":"category","embeddable":true,"href":"https:\/\/contenidosportal.sld.cu\/saludeseltema\/wp-json\/wp\/v2\/categories?post=24750"},{"taxonomy":"post_tag","embeddable":true,"href":"https:\/\/contenidosportal.sld.cu\/saludeseltema\/wp-json\/wp\/v2\/tags?post=24750"}],"curies":[{"name":"wp","href":"https:\/\/api.w.org\/{rel}","templated":true}]}}