{"id":24629,"date":"2023-05-18T06:00:21","date_gmt":"2023-05-18T04:00:21","guid":{"rendered":"https:\/\/contenidosportal.sld.cu\/saludeseltema\/?p=24629"},"modified":"2023-05-12T19:35:18","modified_gmt":"2023-05-12T17:35:18","slug":"enfermedad-de-charcot-marie-tooth","status":"publish","type":"post","link":"https:\/\/contenidosportal.sld.cu\/saludeseltema\/2023\/05\/18\/enfermedad-de-charcot-marie-tooth\/","title":{"rendered":"Enfermedad de Charcot-Marie-Tooth"},"content":{"rendered":"<p>La enfermedad de Charcot-Marie-Tooth (CMT, por sus siglas en ingl\u00e9s) es un grupo de trastornos nerviosos gen\u00e9ticos. Su nombre se debe a los tres m\u00e9dicos que la identificaron por primera vez.<\/p>\n<p>La enfermedad CMT afecta los nervios perif\u00e9ricos. Los nervios perif\u00e9ricos conducen las se\u00f1ales de movimiento y de sensaciones entre el cerebro, la m\u00e9dula espinal y el resto del cuerpo. Los s\u00edntomas suelen comenzar durante la adolescencia. Los problemas en los pies, tales como el pie arqueado (arco pronunciado) o los dedos en martillo, pueden ser los primeros s\u00edntomas. A medida que la CMT avanza, la parte inferior de las piernas puede debilitarse. M\u00e1s adelante, las manos tambi\u00e9n pueden debilitarse.<\/p>\n<p>Los m\u00e9dicos diagnostican esta enfermedad mediante un examen neurol\u00f3gico, pruebas gen\u00e9ticas o biopsias de los nervios. No existe una cura. La enfermedad puede ser tan leve que no perciba que la tiene o ser lo suficientemente severa para debilitarlo. La fisioterapia, la terapia ocupacional, los aparatos ortop\u00e9dicos y otros dispositivos y, en algunos casos, la cirug\u00eda pueden ayudarlo.<\/p>\n<p><strong>Fuente:<\/strong> <a href=\"https:\/\/medlineplus.gov\/spanish\/charcotmarietoothdisease.html\">MedlinePlus<\/a><\/p>\n<p>&nbsp;<\/p>\n","protected":false},"excerpt":{"rendered":"<p>La enfermedad de Charcot-Marie-Tooth (CMT, por sus siglas en ingl\u00e9s) es un grupo de trastornos nerviosos gen\u00e9ticos. Su nombre se debe a los tres m\u00e9dicos que la identificaron por primera vez. La enfermedad CMT afecta los nervios perif\u00e9ricos. Los nervios perif\u00e9ricos conducen las se\u00f1ales de movimiento y de sensaciones entre el cerebro, la m\u00e9dula espinal [&hellip;]<\/p>\n","protected":false},"author":41,"featured_media":0,"comment_status":"open","ping_status":"open","sticky":false,"template":"","format":"standard","meta":{"footnotes":""},"categories":[5],"tags":[],"class_list":["post-24629","post","type-post","status-publish","format-standard","hentry","category-diccionario"],"_links":{"self":[{"href":"https:\/\/contenidosportal.sld.cu\/saludeseltema\/wp-json\/wp\/v2\/posts\/24629","targetHints":{"allow":["GET"]}}],"collection":[{"href":"https:\/\/contenidosportal.sld.cu\/saludeseltema\/wp-json\/wp\/v2\/posts"}],"about":[{"href":"https:\/\/contenidosportal.sld.cu\/saludeseltema\/wp-json\/wp\/v2\/types\/post"}],"author":[{"embeddable":true,"href":"https:\/\/contenidosportal.sld.cu\/saludeseltema\/wp-json\/wp\/v2\/users\/41"}],"replies":[{"embeddable":true,"href":"https:\/\/contenidosportal.sld.cu\/saludeseltema\/wp-json\/wp\/v2\/comments?post=24629"}],"version-history":[{"count":1,"href":"https:\/\/contenidosportal.sld.cu\/saludeseltema\/wp-json\/wp\/v2\/posts\/24629\/revisions"}],"predecessor-version":[{"id":24630,"href":"https:\/\/contenidosportal.sld.cu\/saludeseltema\/wp-json\/wp\/v2\/posts\/24629\/revisions\/24630"}],"wp:attachment":[{"href":"https:\/\/contenidosportal.sld.cu\/saludeseltema\/wp-json\/wp\/v2\/media?parent=24629"}],"wp:term":[{"taxonomy":"category","embeddable":true,"href":"https:\/\/contenidosportal.sld.cu\/saludeseltema\/wp-json\/wp\/v2\/categories?post=24629"},{"taxonomy":"post_tag","embeddable":true,"href":"https:\/\/contenidosportal.sld.cu\/saludeseltema\/wp-json\/wp\/v2\/tags?post=24629"}],"curies":[{"name":"wp","href":"https:\/\/api.w.org\/{rel}","templated":true}]}}