{"id":9568,"date":"2019-05-28T06:00:16","date_gmt":"2019-05-28T06:00:16","guid":{"rendered":"http:\/\/contenidosportal.sld.cu\/portal20142020\/?p=4100"},"modified":"2019-05-28T06:00:16","modified_gmt":"2019-05-28T06:00:16","slug":"sesion-cientifica-de-la-sociedad-cubana-de-gastroenterologia-dedicada-al-dia-mund","status":"publish","type":"post","link":"https:\/\/contenidosportal.sld.cu\/portal20142020\/2019\/05\/28\/sesion-cientifica-de-la-sociedad-cubana-de-gastroenterologia-dedicada-al-dia-mund\/","title":{"rendered":"Sesi\u00f3n Cient\u00edfica de la Sociedad Cubana de Gastroenterolog\u00eda, dedicada al D\u00eda Mundial de la Salud Digestiva"},"content":{"rendered":"<div class=\"imagen-node-pie\">\n\t\t\t\t\t\t<img loading=\"lazy\" decoding=\"async\" class=\"imagefield imagefield-field_imagen\" alt=\"\" src=\"http:\/\/contenidosportal.sld.cu\/files2014-2020\/imagen\/17\/sesion-cientifica-gastro.jpg\" width=\"242\" height=\"305\"><\/div>\n<div class=\"item-node\">\n<p>Con motivo de la celebraci&oacute;n del <strong><a href=\"http:\/\/www.worldgastroenterology.org\/wgo-foundation\/wdhd\/wdhd-2019\" target=\"_blank\" rel=\"noopener\">D&iacute;a Mundial de la salud digestiva<\/a><\/strong>, que se conmemora cada 29 de mayo, la <a href=\"http:\/\/www.sld.cu\/sitios\/gastroenterologia\/\">Sociedad Cubana de Gastroenterolog&iacute;a <\/a>le invita a participar en una sesi&oacute;n cient&iacute;fica dedicada al tema <strong>&quot;Enfermedad Inflamatoria Intestinal&quot;<\/strong>, la cual tendr&aacute; lugar el 31 de mayo del 2019 en el <a href=\"https:\/\/instituciones.sld.cu\/cimeq\/\">Centro de Investigaciones M&eacute;dico Quir&uacute;rgicas<\/a> (Cimeq).<\/p>\n<p><strong>Programa cient&iacute;fico<\/strong><\/p>\n<ul>\n<li>&#8211; 9:30 a.m. Acreditaci&oacute;n e inauguraci&oacute;n.<\/li>\n<li>&#8211; 10:00 a.m. -10:20 a.m. Conferencia: Enfermedad inflamatoria intestinal de inicio temprano. Dra. Elsa Garc&iacute;a Bacallao.<\/li>\n<li>&#8211; 10:25 a.m. -10:45&nbsp;a.m. Conferencia: Avances en Colitis ulcerosa. Dra. Yunia Tusen Toledo.<\/li>\n<li>&#8211; 10:50 a.m. -11:10&nbsp;a.m. Conferencia: Avances en Enfermedad de Crohn. Dra. Lisset Barroso M&aacute;rquez.<\/li>\n<li>&#8211; 11:15 a.m. -11:35&nbsp;a.m. Conferencia: Microbiota y Enfermedad inflamatoria intestinal. Dr. Angel Arturo Escobedo.<\/li>\n<li>&#8211; 11:40 a.m. -12:00&nbsp;a.m. Conferencia: Terapia Biol&oacute;gica en la Enfermedad inflamatoria intestinal. Dra. Kenia Valenzuela Aguilera.<\/li>\n<li>&#8211; 12:05 p.m.- 12:25&nbsp;p.m Conferencia: Colitis ulcerosa y c&aacute;ncer. Dra.C. Lissette Chao Gonz&aacute;lez.<\/li>\n<li>&#8211; 12:30 p.m -12:50&nbsp;p.m Conferencia: H&iacute;gado y enfermedad infamatoria intestinal. Dra.C. Marcia Samada Su&aacute;rez.<\/li>\n<li>&#8211; 12:55 p.m -13:25 p.m&nbsp; Presentaci&oacute;n de Casos.<\/li>\n<li>&#8211; 13:30 p.m Clausura y almuerzo.<\/li>\n<\/ul>\n<p>Las inscripciones se realizar&aacute;n en la secretar&iacute;a docente del Instituto de Gastroenterolog&iacute;a, en horario laboral.<\/p>\n<p>Para m&aacute;s informaci&oacute;n visite el <a href=\"http:\/\/www.sld.cu\/sitios\/gastroenterologia\/\" target=\"_blank\" rel=\"noopener\">sitio web cubano de Gastroenterolog&iacute;a. <\/a><\/p>\n<p>Edici&oacute;n: <a href=\"http:\/\/www.sld.cu\/contact\" target=\"_blank\" rel=\"noopener\">MSc. Dra. Patricia Alonso Galb&aacute;n<\/a><\/p>\n<\/div>\n<div class=\"clear\"><\/div>\n","protected":false},"excerpt":{"rendered":"<p>Con motivo de la celebraci&oacute;n del D&iacute;a Mundial de la salud digestiva, que se conmemora cada 29 de mayo, la Sociedad Cubana de Gastroenterolog&iacute;a le invita a participar en una sesi&oacute;n cient&iacute;fica dedicada al tema &quot;Enfermedad Inflamatoria Intestinal&quot;, la cual tendr&aacute; lugar el 31 de mayo del 2019 en el Centro de Investigaciones M&eacute;dico Quir&uacute;rgicas [&hellip;]<\/p>\n","protected":false},"author":1,"featured_media":0,"comment_status":"close","ping_status":"open","sticky":false,"template":"","format":"standard","meta":{"footnotes":""},"categories":[2],"tags":[],"class_list":["post-9568","post","type-post","status-publish","format-standard","hentry","category-anuncio"],"_links":{"self":[{"href":"https:\/\/contenidosportal.sld.cu\/portal20142020\/wp-json\/wp\/v2\/posts\/9568","targetHints":{"allow":["GET"]}}],"collection":[{"href":"https:\/\/contenidosportal.sld.cu\/portal20142020\/wp-json\/wp\/v2\/posts"}],"about":[{"href":"https:\/\/contenidosportal.sld.cu\/portal20142020\/wp-json\/wp\/v2\/types\/post"}],"author":[{"embeddable":true,"href":"https:\/\/contenidosportal.sld.cu\/portal20142020\/wp-json\/wp\/v2\/users\/1"}],"replies":[{"embeddable":true,"href":"https:\/\/contenidosportal.sld.cu\/portal20142020\/wp-json\/wp\/v2\/comments?post=9568"}],"version-history":[{"count":0,"href":"https:\/\/contenidosportal.sld.cu\/portal20142020\/wp-json\/wp\/v2\/posts\/9568\/revisions"}],"wp:attachment":[{"href":"https:\/\/contenidosportal.sld.cu\/portal20142020\/wp-json\/wp\/v2\/media?parent=9568"}],"wp:term":[{"taxonomy":"category","embeddable":true,"href":"https:\/\/contenidosportal.sld.cu\/portal20142020\/wp-json\/wp\/v2\/categories?post=9568"},{"taxonomy":"post_tag","embeddable":true,"href":"https:\/\/contenidosportal.sld.cu\/portal20142020\/wp-json\/wp\/v2\/tags?post=9568"}],"curies":[{"name":"wp","href":"https:\/\/api.w.org\/{rel}","templated":true}]}}