{"id":9534,"date":"2019-05-09T06:00:13","date_gmt":"2019-05-09T06:00:13","guid":{"rendered":"http:\/\/contenidosportal.sld.cu\/portal20142020\/?p=4043"},"modified":"2019-05-09T06:00:13","modified_gmt":"2019-05-09T06:00:13","slug":"convocan-la-sexta-edicion-de-la-maestria-de-bioetica","status":"publish","type":"post","link":"https:\/\/contenidosportal.sld.cu\/portal20142020\/2019\/05\/09\/convocan-la-sexta-edicion-de-la-maestria-de-bioetica\/","title":{"rendered":"Convocan a la sexta edici\u00f3n de la Maestr\u00eda de Bio\u00e9tica"},"content":{"rendered":"<div class=\"imagen-node-pie\">\n\t\t\t\t\t\t<img loading=\"lazy\" decoding=\"async\" class=\"imagefield imagefield-field_imagen\" alt=\"\" src=\"http:\/\/contenidosportal.sld.cu\/files2014-2020\/imagen\/17\/sexta-edicion-maestria-de-bioetica.jpg\" width=\"242\" height=\"305\"><\/div>\n<div class=\"item-node\">\n<p class=\"rtejustify\" style=\"margin-top: 0px\">Con el auspicio de la Facultad de Filosof&iacute;a e Historia, la <a href=\"http:\/\/www.uh.cu\/\" target=\"_blank\" rel=\"noopener\">Universidad de La Habana<\/a> convoca a la <a href=\"http:\/\/files.sld.cu\/editorhome\/files\/2019\/05\/Convocatoria-Sexta-Edicion-Version-para-publicar-Rectificada.doc\" target=\"_blank\" rel=\"noopener\">sexta edici&oacute;n de la Maestr&iacute;a de Bio&eacute;tica<\/a>, que tendr&aacute; un per&iacute;odo lectivo de tres a&ntilde;os y se extender&aacute; desde <strong>septiembre de 2019 hasta julio de 2022<\/strong>.<\/p>\n<p class=\"rtejustify\">El programa de la Maestr&iacute;a, que fue&nbsp;evaluado como de Excelencia Acad&eacute;mica por la Junta de Acreditaci&oacute;n Nacional en 2015, se fundamenta en la tradici&oacute;n electiva del pensamiento cubano, parte de la concepci&oacute;n hol&iacute;stica y global de Van Rensselaer Potter, toma como referente a la Declaraci&oacute;n Universal de Bio&eacute;tica y Derechos Humanos de la UNESCO, as&iacute; como tiene en cuenta las m&aacute;s importantes tendencias y modelos te&oacute;rico-metodol&oacute;gicos surgidos en el desarrollo de la disciplina en el &aacute;mbito internacional, en particular la perspectiva latinoamericana sobre los problemas emergentes y persistentes que amenazan la salud y la vida de los organismos vivos, as&iacute; como a la estabilidad del medio ambiente.<\/p>\n<p>El Plan de Estudios de la Maestr&iacute;a est&aacute; conformado por cuatro M&oacute;dulos que se acreditar&aacute;n como Diplomados: Fundamentos de Bio&eacute;tica, Bio&eacute;tica M&eacute;dica, &Eacute;tica de la Investigaci&oacute;n Cient&iacute;fica, y Bio&eacute;tica Ecol&oacute;gica y Social, estructurados en diecis&eacute;is Cursos Obligatorios, a los que se agregan dos Cursos Opcionales a elegir entre siete propuestas<\/p>\n<p>El plazo de presentaci&oacute;n de <strong>solicitudes de matr&iacute;cula<\/strong> se extender&aacute; desde el martes 7 de mayo hasta el jueves 27 de junio de 2019.<\/p>\n<p>La selecci&oacute;n definitiva de la matr&iacute;cula para aspirantes nacionales se har&aacute; p&uacute;blica antes del 6 de septiembre de 2019<\/p>\n<p>Contacto: joseacosta@infomed.sld.cu<\/p>\n<p>M&aacute;s detalles en la <strong><a href=\"http:\/\/files.sld.cu\/editorhome\/files\/2019\/05\/Convocatoria-Sexta-Edicion-Version-para-publicar-Rectificada.doc\" target=\"_blank\" rel=\"noopener\">convocatoria completa de la maestr&iacute;a.<\/a><\/strong><\/p>\n<p>Edici&oacute;n: <a href=\"http:\/\/www.sld.cu\/contact\" target=\"_blank\" rel=\"noopener\">MSc. Dra. Patricia Alonso Galb&aacute;n<\/a><br \/>\n&nbsp;<br \/>\n&nbsp;<\/p>\n<\/div>\n<div class=\"clear\"><\/div>\n","protected":false},"excerpt":{"rendered":"<p>Con el auspicio de la Facultad de Filosof&iacute;a e Historia, la Universidad de La Habana convoca a la sexta edici&oacute;n de la Maestr&iacute;a de Bio&eacute;tica, que tendr&aacute; un per&iacute;odo lectivo de tres a&ntilde;os y se extender&aacute; desde septiembre de 2019 hasta julio de 2022. El programa de la Maestr&iacute;a, que fue&nbsp;evaluado como de Excelencia Acad&eacute;mica [&hellip;]<\/p>\n","protected":false},"author":1,"featured_media":0,"comment_status":"close","ping_status":"open","sticky":false,"template":"","format":"standard","meta":{"footnotes":""},"categories":[2],"tags":[],"class_list":["post-9534","post","type-post","status-publish","format-standard","hentry","category-anuncio"],"_links":{"self":[{"href":"https:\/\/contenidosportal.sld.cu\/portal20142020\/wp-json\/wp\/v2\/posts\/9534","targetHints":{"allow":["GET"]}}],"collection":[{"href":"https:\/\/contenidosportal.sld.cu\/portal20142020\/wp-json\/wp\/v2\/posts"}],"about":[{"href":"https:\/\/contenidosportal.sld.cu\/portal20142020\/wp-json\/wp\/v2\/types\/post"}],"author":[{"embeddable":true,"href":"https:\/\/contenidosportal.sld.cu\/portal20142020\/wp-json\/wp\/v2\/users\/1"}],"replies":[{"embeddable":true,"href":"https:\/\/contenidosportal.sld.cu\/portal20142020\/wp-json\/wp\/v2\/comments?post=9534"}],"version-history":[{"count":0,"href":"https:\/\/contenidosportal.sld.cu\/portal20142020\/wp-json\/wp\/v2\/posts\/9534\/revisions"}],"wp:attachment":[{"href":"https:\/\/contenidosportal.sld.cu\/portal20142020\/wp-json\/wp\/v2\/media?parent=9534"}],"wp:term":[{"taxonomy":"category","embeddable":true,"href":"https:\/\/contenidosportal.sld.cu\/portal20142020\/wp-json\/wp\/v2\/categories?post=9534"},{"taxonomy":"post_tag","embeddable":true,"href":"https:\/\/contenidosportal.sld.cu\/portal20142020\/wp-json\/wp\/v2\/tags?post=9534"}],"curies":[{"name":"wp","href":"https:\/\/api.w.org\/{rel}","templated":true}]}}