{"id":9521,"date":"2019-05-02T11:26:21","date_gmt":"2019-05-02T11:26:21","guid":{"rendered":"http:\/\/contenidosportal.sld.cu\/portal20142020\/?p=4017"},"modified":"2019-05-02T11:26:21","modified_gmt":"2019-05-02T11:26:21","slug":"arriba-su-48-aniversario-el-centro-provincial-de-informacion-de-ciencias-medicas","status":"publish","type":"post","link":"https:\/\/contenidosportal.sld.cu\/portal20142020\/2019\/05\/02\/arriba-su-48-aniversario-el-centro-provincial-de-informacion-de-ciencias-medicas\/","title":{"rendered":"Arriba a su 48 aniversario el Centro Provincial de Informaci\u00f3n de Ciencias M\u00e9dicas de Pinar del R\u00edo"},"content":{"rendered":"<div class=\"imagen-node-pie\">\n\t\t\t\t\t\t<img loading=\"lazy\" decoding=\"async\" class=\"imagefield imagefield-field_imagen\" alt=\"\" src=\"http:\/\/contenidosportal.sld.cu\/files2014-2020\/imagen\/17\/aniversario-48-del-cpicm-pinar-del-rio.jpg\" width=\"242\" height=\"305\"><\/div>\n<div class=\"item-node\">\n<p>El <a href=\"http:\/\/www.pri.sld.cu\/?p=2695\" target=\"_blank\" rel=\"noopener\">Centro Provincial de Informaci&oacute;n de Ciencias M&eacute;dicas de Pinar del R&iacute;o<\/a><a href=\"http:\/\/www.grm.sld.cu\/\" rel=\"noopener\" target=\"_blank\"> <\/a><a href=\"http:\/\/www.pri.sld.cu\/?p=2695\" target=\"_blank\" rel=\"noopener\">(CPICM-PR) arriba hoy a su 48 aniversario<\/a>. Esta instituci&oacute;n, l&iacute;der en la gesti&oacute;n de informaci&oacute;n y servicios editoriales en el contexto de la provincia, fue fundada el 2 de mayo de 1971, como parte de la estrategia del Centro Nacional de Informaci&oacute;n de Ciencias M&eacute;dicas (CNICM-Infomed) para el desarrollo y fortalecimiento del Sistema Nacional de Informaci&oacute;n en Ciencias de la Salud.<\/p>\n<p>Durante estos a&ntilde;os, la labor realizada por su colectivo ha sido meritoria, al igual que la del resto de los Centros Provinciales de Informaci&oacute;n en cada territorio. El buen desarrollo de la actividad cient&iacute;fico-informativa, la calidad en los diferentes procesos y servicios, son resultados del compromiso adquirido por quienes han sido y son parte de este centro durante casi cinco d&eacute;cadas.<\/p>\n<p><acronym>En un contexto donde el conocimiento es el activo principal en la sociedad, <\/acronym>el accionar de nuestra actividad, hoy m&aacute;s que nunca,<acronym> as&iacute; la como la <\/acronym>garant&iacute;a de la buena informaci&oacute;n, veraz y oportuna, es un elemento clave para la formaci&oacute;n y desarrollo de nuestros profesionales del Sistema Nacional de Salud.<\/p>\n<p>Desde el CNICM-Infomed le deseamos muchas felicidades a todo el colectivo del CPICM-PR.<\/p>\n<p>Por: Dr.C Ileana R. Alfonso S&aacute;nchez<br \/>\nDirectora del CNICM-Infomed<\/p>\n<p>Edici&oacute;n: <a href=\"http:\/\/www.sld.cu\/contact\" target=\"_blank\" rel=\"noopener\">MSc. Dra. Patricia Alonso Galb&aacute;n<\/a><\/p>\n<\/div>\n<div class=\"clear\"><\/div>\n","protected":false},"excerpt":{"rendered":"<p>El Centro Provincial de Informaci&oacute;n de Ciencias M&eacute;dicas de Pinar del R&iacute;o (CPICM-PR) arriba hoy a su 48 aniversario. Esta instituci&oacute;n, l&iacute;der en la gesti&oacute;n de informaci&oacute;n y servicios editoriales en el contexto de la provincia, fue fundada el 2 de mayo de 1971, como parte de la estrategia del Centro Nacional de Informaci&oacute;n de [&hellip;]<\/p>\n","protected":false},"author":1,"featured_media":0,"comment_status":"close","ping_status":"open","sticky":false,"template":"","format":"standard","meta":{"footnotes":""},"categories":[2],"tags":[],"class_list":["post-9521","post","type-post","status-publish","format-standard","hentry","category-anuncio"],"_links":{"self":[{"href":"https:\/\/contenidosportal.sld.cu\/portal20142020\/wp-json\/wp\/v2\/posts\/9521","targetHints":{"allow":["GET"]}}],"collection":[{"href":"https:\/\/contenidosportal.sld.cu\/portal20142020\/wp-json\/wp\/v2\/posts"}],"about":[{"href":"https:\/\/contenidosportal.sld.cu\/portal20142020\/wp-json\/wp\/v2\/types\/post"}],"author":[{"embeddable":true,"href":"https:\/\/contenidosportal.sld.cu\/portal20142020\/wp-json\/wp\/v2\/users\/1"}],"replies":[{"embeddable":true,"href":"https:\/\/contenidosportal.sld.cu\/portal20142020\/wp-json\/wp\/v2\/comments?post=9521"}],"version-history":[{"count":0,"href":"https:\/\/contenidosportal.sld.cu\/portal20142020\/wp-json\/wp\/v2\/posts\/9521\/revisions"}],"wp:attachment":[{"href":"https:\/\/contenidosportal.sld.cu\/portal20142020\/wp-json\/wp\/v2\/media?parent=9521"}],"wp:term":[{"taxonomy":"category","embeddable":true,"href":"https:\/\/contenidosportal.sld.cu\/portal20142020\/wp-json\/wp\/v2\/categories?post=9521"},{"taxonomy":"post_tag","embeddable":true,"href":"https:\/\/contenidosportal.sld.cu\/portal20142020\/wp-json\/wp\/v2\/tags?post=9521"}],"curies":[{"name":"wp","href":"https:\/\/api.w.org\/{rel}","templated":true}]}}