{"id":9375,"date":"2019-02-04T10:37:04","date_gmt":"2019-02-04T10:37:04","guid":{"rendered":"http:\/\/contenidosportal.sld.cu\/portal20142020\/?p=3789"},"modified":"2019-02-04T10:37:04","modified_gmt":"2019-02-04T10:37:04","slug":"propuesta-de-la-bvs-cuba-proposito-del-dia-mundial-contra-el-cancer","status":"publish","type":"post","link":"https:\/\/contenidosportal.sld.cu\/portal20142020\/2019\/02\/04\/propuesta-de-la-bvs-cuba-proposito-del-dia-mundial-contra-el-cancer\/","title":{"rendered":"Propuesta de la BVS-Cuba, a prop\u00f3sito del D\u00eda Mundial Contra el C\u00e1ncer"},"content":{"rendered":"<div class=\"imagen-node-pie\">\n\t\t\t\t\t\t<img loading=\"lazy\" decoding=\"async\" class=\"imagefield imagefield-field_imagen\" alt=\"\" src=\"http:\/\/contenidosportal.sld.cu\/files2014-2020\/imagen\/19\/dm-cancer-2019.jpg\" width=\"242\" height=\"305\"><\/div>\n<div class=\"item-node\">\n<p>A prop&oacute;sito del <a href=\"https:\/\/www.worldcancerday.org\/es\/\" target=\"_blank\" rel=\"noopener\">D&iacute;a Mundial del C&aacute;ncer<\/a> que se conmemora cada 4 de febrero, la <a href=\"http:\/\/www.bvscuba.sld.cu\/\" target=\"_blank\" rel=\"noopener\">Biblioteca Virtual en Salud (BVS-Cuba)<\/a> les sugiere especialmente una b&uacute;squeda sobre el tema en el <a href=\"https:\/\/www.clinicalkey.es\/#!\/search\/cancer\/%7B%22facetquery%22:%5B%22language:Spanish%22,%22+subjmain:%5C%22Hematology,%20Oncology,%20and%20Palliative%20Medicine%5C%22%22,%22+contenttype:PE%22%5D%7D\" target=\"_blank\" rel=\"noopener\">motor de b&uacute;squeda ClinicalKey<\/a>, disponible desde los <a href=\"http:\/\/www.bvscuba.sld.cu\/recursos-de-informacion-2\/?q=fuentes-de-informacion-disponibles-a-texto-completo&amp;tax=recurso-de-informacion\" target=\"_blank\" rel=\"noopener\">recursos de informaci&oacute;n<\/a> de la BVS.<\/p>\n<p><a href=\"https:\/\/www.clinicalkey.es\/#!\/\" target=\"_blank\" rel=\"noopener\">ClinicalKey<\/a> es un motor inteligente de b&uacute;squeda de informaci&oacute;n cl&iacute;nica de la editorial <em>Elsevier <\/em>que proporciona a los especialistas respuestas r&aacute;pidas y relevantes para la toma de decisiones. Sus b&uacute;squedas permiten acceder a la colecci&oacute;n de recursos m&aacute;s completa y actualizada de esta editorial a texto completo, en ingl&eacute;s y espa&ntilde;ol, cubriendo todas las especialidades m&eacute;dicas y quir&uacute;rgicas.<\/p>\n<p>En esta b&uacute;squeda que le proponemos podr&aacute; encontrar referencias a textos completos sobre el tema del c&aacute;ncer. Le recomendamos especialmente la lectura de los siguientes trabajos:<\/p>\n<p class=\"rteindent1\">&#8211; <a href=\"https:\/\/www.clinicalkey.es\/#!\/content\/patient_handout\/5-s2.0-pe_AAFP_cancer_es\" target=\"_blank\" rel=\"noopener\">C&aacute;ncer<\/a><\/p>\n<p class=\"rteindent1\">&#8211; <a href=\"https:\/\/www.clinicalkey.es\/#!\/content\/patient_handout\/5-s2.0-pe_ExitCare_DI_Cancer_Related_Sexual_Dysfunction_Male_es\" target=\"_blank\" rel=\"noopener\">Disfunci&oacute;n sexual relacionada con el c&aacute;ncer en los hombres<\/a><\/p>\n<p class=\"rteindent1\">&#8211; <a href=\"https:\/\/www.clinicalkey.es\/#!\/content\/patient_handout\/5-s2.0-pe_ExitCare_DI_Cancer_Related_Sexual_Dysfunction_Female_es\" target=\"_blank\" rel=\"noopener\">Disfunci&oacute;n sexual relacionada con el c&aacute;ncer en las mujeres<\/a><\/p>\n<p class=\"rteindent1\">&#8211; <a href=\"https:\/\/www.clinicalkey.es\/#!\/content\/patient_handout\/5-s2.0-pe_ExitCare_DI_Breast_Cancer_Survivor_Follow_up_es\" target=\"_blank\" rel=\"noopener\">Seguimiento del paciente tratado por c&aacute;ncer de mama<\/a><\/p>\n<p class=\"rteindent1\">&#8211; <a href=\"https:\/\/www.clinicalkey.es\/#!\/content\/patient_handout\/5-s2.0-pe_AAFP_cancer-end-of-life-issues-for-the-caregiver_es\" target=\"_blank\" rel=\"noopener\">C&aacute;ncer puntos para considerar acerca del fin de la vida para quien provee cuidados<\/a><\/p>\n<p class=\"rteindent1\">&#8211; <a href=\"https:\/\/www.clinicalkey.es\/#!\/content\/patient_handout\/5-s2.0-pe_ExitCare_DI_What_You_Need_to_Know_About_Cancer_Prevention_es\" target=\"_blank\" rel=\"noopener\">&iquest;Qu&eacute; debo saber sobre la prevenci&oacute;n del c&aacute;ncer?<\/a><\/p>\n<p>El <a href=\"https:\/\/www.worldcancerday.org\/es\/nuestra-historia\" target=\"_blank\" rel=\"noopener\">D&iacute;a Mundial contra el C&aacute;ncer<\/a> es una iniciativa de la Uni&oacute;n Internacional contra el C&aacute;ncer, la organizaci&oacute;n internacional m&aacute;s grande y antigua que se dedica a liderar iniciativas de divulgaci&oacute;n, capacitaci&oacute;n, apoyo y promoci&oacute;n, y que une a personas de todo el mundo dedicadas a la lucha contra esta enfermedad. Sus acciones van dirigidas a reducir la carga mundial del c&aacute;ncer, promover mayor equidad e integrar el control del c&aacute;ncer en la agenda mundial para la salud y el desarrollo.<\/p>\n<p>Este d&iacute;a se celebra con el objetivo de aumentar la concienciaci&oacute;n y movilizar a la sociedad para avanzar en la prevenci&oacute;n y control de esta enfermedad. El c&aacute;ncer es un proceso de crecimiento y diseminaci&oacute;n incontrolados de c&eacute;lulas. Puede aparecer pr&aacute;cticamente en cualquier lugar del cuerpo. El tumor suele invadir el tejido circundante y puede provocar met&aacute;stasis en puntos distantes del organismo.<\/p>\n<p>Muchos tipos de c&aacute;ncer se podr&iacute;an prevenir evitando la exposici&oacute;n a factores de riesgo comunes como el humo de tabaco. Adem&aacute;s, un porcentaje importante de c&aacute;nceres pueden curarse mediante cirug&iacute;a, radioterapia o quimioterapia, especialmente si se detectan en una fase temprana.<\/p>\n<p>Sobre este tema, la <a href=\"http:\/\/www.bvscuba.sld.cu\" target=\"_blank\" rel=\"noopener\">BVS Cuba<\/a> tambi&eacute;n pone a su disposici&oacute;n el audiovisual <a href=\"http:\/\/obrasaudiovisuales.sld.cu\/index.php?P=FullRecord&amp;ID=454\" target=\"_blank\" rel=\"noopener\">C&aacute;ncer familiar y hereditario: Testimonios y experiencias de vida<\/a>. Este trabajo muestra el testimonio de mujeres que poseen una mutaci&oacute;n hereditaria que las predispone a desarrollar determinado tipo de c&aacute;ncer (de ovario, de colon, de mama). Este audiovisual forma parte del <a href=\"http:\/\/obrasaudiovisuales.sld.cu\/index.php?P=Home\" target=\"_blank\" rel=\"noopener\">Cat&aacute;logo de obras audiovisuales<\/a>.<\/p>\n<p>Tambi&eacute;n recomendamos los <a href=\"https:\/\/www.worldcancerday.org\/es\/materiales\" target=\"_blank\" rel=\"noopener\">materiales que dispone para el p&uacute;blico<\/a> el sitio de la Uni&oacute;n Internacional contra el C&aacute;ncer.<\/p>\n<\/div>\n<div class=\"clear\"><\/div>\n","protected":false},"excerpt":{"rendered":"<p>A prop&oacute;sito del D&iacute;a Mundial del C&aacute;ncer que se conmemora cada 4 de febrero, la Biblioteca Virtual en Salud (BVS-Cuba) les sugiere especialmente una b&uacute;squeda sobre el tema en el motor de b&uacute;squeda ClinicalKey, disponible desde los recursos de informaci&oacute;n de la BVS. ClinicalKey es un motor inteligente de b&uacute;squeda de informaci&oacute;n cl&iacute;nica de la [&hellip;]<\/p>\n","protected":false},"author":1,"featured_media":0,"comment_status":"close","ping_status":"open","sticky":false,"template":"","format":"standard","meta":{"footnotes":""},"categories":[2],"tags":[],"class_list":["post-9375","post","type-post","status-publish","format-standard","hentry","category-anuncio"],"_links":{"self":[{"href":"https:\/\/contenidosportal.sld.cu\/portal20142020\/wp-json\/wp\/v2\/posts\/9375","targetHints":{"allow":["GET"]}}],"collection":[{"href":"https:\/\/contenidosportal.sld.cu\/portal20142020\/wp-json\/wp\/v2\/posts"}],"about":[{"href":"https:\/\/contenidosportal.sld.cu\/portal20142020\/wp-json\/wp\/v2\/types\/post"}],"author":[{"embeddable":true,"href":"https:\/\/contenidosportal.sld.cu\/portal20142020\/wp-json\/wp\/v2\/users\/1"}],"replies":[{"embeddable":true,"href":"https:\/\/contenidosportal.sld.cu\/portal20142020\/wp-json\/wp\/v2\/comments?post=9375"}],"version-history":[{"count":0,"href":"https:\/\/contenidosportal.sld.cu\/portal20142020\/wp-json\/wp\/v2\/posts\/9375\/revisions"}],"wp:attachment":[{"href":"https:\/\/contenidosportal.sld.cu\/portal20142020\/wp-json\/wp\/v2\/media?parent=9375"}],"wp:term":[{"taxonomy":"category","embeddable":true,"href":"https:\/\/contenidosportal.sld.cu\/portal20142020\/wp-json\/wp\/v2\/categories?post=9375"},{"taxonomy":"post_tag","embeddable":true,"href":"https:\/\/contenidosportal.sld.cu\/portal20142020\/wp-json\/wp\/v2\/tags?post=9375"}],"curies":[{"name":"wp","href":"https:\/\/api.w.org\/{rel}","templated":true}]}}