{"id":9293,"date":"2018-12-04T08:41:26","date_gmt":"2018-12-04T08:41:26","guid":{"rendered":"http:\/\/contenidosportal.sld.cu\/portal20142020\/?p=3645"},"modified":"2018-12-04T08:41:26","modified_gmt":"2018-12-04T08:41:26","slug":"presentado-sitio-web-genetica-clinica-en-su-nueva-version","status":"publish","type":"post","link":"https:\/\/contenidosportal.sld.cu\/portal20142020\/2018\/12\/04\/presentado-sitio-web-genetica-clinica-en-su-nueva-version\/","title":{"rendered":"Presentado sitio web Gen\u00e9tica Cl\u00ednica en su nueva versi\u00f3n"},"content":{"rendered":"<div class=\"imagen-node-pie\">\n\t\t\t\t\t\t<img loading=\"lazy\" decoding=\"async\" class=\"imagefield imagefield-field_imagen\" alt=\"\" src=\"http:\/\/contenidosportal.sld.cu\/files2014-2020\/imagen\/19\/presentacion-sitio.jpg\" width=\"242\" height=\"305\"><\/div>\n<div class=\"item-node\">\n<p>Durante la V Jornada Nacional de Gen&eacute;tica Comunitaria, auspiciada por la Sociedad Cubana de Gen&eacute;tica Humana (SOCUGEN) y organizada por el cap&iacute;tulo provincial de Las Tunas, se realiz&oacute; la presentaci&oacute;n oficial de la nueva versi&oacute;n del sitio web de <a href=\"http:\/\/especialidades.sld.cu\/geneticaclinica\/\" target=\"_blank\" rel=\"noopener\">Gen&eacute;tica Cl&iacute;nica<\/a>.<\/p>\n<p>La actividad estuvo presidida por la Dr.Cs. Beatriz Marcheco Teruel, Presidenta de SOCUGEN, el Dr. Orlando Pe&ntilde;a Mancebo, Presidente del Cap&iacute;tulo Provincial de Las Tunas y la Dra. Nora Mar&iacute;a Orive Rodr&iacute;guez, Jefa del Departamento de Gen&eacute;tica de Las Tunas.<\/p>\n<p>La presentaci&oacute;n del sitio se realiz&oacute; en sesi&oacute;n plenaria el 23 de noviembre en el teatro del Hospital Provincial Docente &ldquo;Dr. Ernesto Guevara de la Serna&rdquo; con la participaci&oacute;n de los 125 delegados al evento y estuvo a cargo de la Dra. Ya&iacute;ma Z&uacute;&ntilde;iga Rosales, miembro del comit&eacute; editorial del sitio, quien explic&oacute; el trabajo realizado por la editora principal, la Dr.Cs. Estela Morales Peralta.<\/p>\n<p>Durante la presentaci&oacute;n se explic&oacute; la composici&oacute;n del sitio y se presentaron los recursos de informaci&oacute;n, herramientas y facilidades a las que pueden acceder los usuarios que lo visiten.<\/p>\n<p>Se destac&oacute; que se pretende sea un punto de referencia en Internet para especialistas, estudiantes, t&eacute;cnicos de salud y otros profesionales relacionados con la especialidad de <a href=\"http:\/\/especialidades.sld.cu\/geneticaclinica\/\" target=\"_blank\" rel=\"noopener\">Gen&eacute;tica Cl&iacute;nica<\/a>, y que la visita sistem&aacute;tica de nuestros usuarios, sus recomendaciones, comentarios y sugerencias son vitales para el perfeccionamiento del sitio.<\/p>\n<p>Este sitio es parte de la <a href=\"http:\/\/www.sld.cu\/red-de-portales\" target=\"_blank\" rel=\"noopener\">Red de Portales de especialidades<\/a> de Infomed. Los invitamos pues, a <a href=\"http:\/\/especialidades.sld.cu\/geneticaclinica\/\" target=\"_blank\" rel=\"noopener\">visitarlo<\/a> e integrar nuestra comunidad de seguidores.<\/p>\n<\/div>\n<div class=\"clear\"><\/div>\n","protected":false},"excerpt":{"rendered":"<p>Durante la V Jornada Nacional de Gen&eacute;tica Comunitaria, auspiciada por la Sociedad Cubana de Gen&eacute;tica Humana (SOCUGEN) y organizada por el cap&iacute;tulo provincial de Las Tunas, se realiz&oacute; la presentaci&oacute;n oficial de la nueva versi&oacute;n del sitio web de Gen&eacute;tica Cl&iacute;nica. La actividad estuvo presidida por la Dr.Cs. Beatriz Marcheco Teruel, Presidenta de SOCUGEN, el [&hellip;]<\/p>\n","protected":false},"author":1,"featured_media":0,"comment_status":"close","ping_status":"open","sticky":false,"template":"","format":"standard","meta":{"footnotes":""},"categories":[2],"tags":[],"class_list":["post-9293","post","type-post","status-publish","format-standard","hentry","category-anuncio"],"_links":{"self":[{"href":"https:\/\/contenidosportal.sld.cu\/portal20142020\/wp-json\/wp\/v2\/posts\/9293","targetHints":{"allow":["GET"]}}],"collection":[{"href":"https:\/\/contenidosportal.sld.cu\/portal20142020\/wp-json\/wp\/v2\/posts"}],"about":[{"href":"https:\/\/contenidosportal.sld.cu\/portal20142020\/wp-json\/wp\/v2\/types\/post"}],"author":[{"embeddable":true,"href":"https:\/\/contenidosportal.sld.cu\/portal20142020\/wp-json\/wp\/v2\/users\/1"}],"replies":[{"embeddable":true,"href":"https:\/\/contenidosportal.sld.cu\/portal20142020\/wp-json\/wp\/v2\/comments?post=9293"}],"version-history":[{"count":0,"href":"https:\/\/contenidosportal.sld.cu\/portal20142020\/wp-json\/wp\/v2\/posts\/9293\/revisions"}],"wp:attachment":[{"href":"https:\/\/contenidosportal.sld.cu\/portal20142020\/wp-json\/wp\/v2\/media?parent=9293"}],"wp:term":[{"taxonomy":"category","embeddable":true,"href":"https:\/\/contenidosportal.sld.cu\/portal20142020\/wp-json\/wp\/v2\/categories?post=9293"},{"taxonomy":"post_tag","embeddable":true,"href":"https:\/\/contenidosportal.sld.cu\/portal20142020\/wp-json\/wp\/v2\/tags?post=9293"}],"curies":[{"name":"wp","href":"https:\/\/api.w.org\/{rel}","templated":true}]}}