{"id":9279,"date":"2018-11-21T06:00:31","date_gmt":"2018-11-21T06:00:31","guid":{"rendered":"http:\/\/contenidosportal.sld.cu\/portal20142020\/?p=3612"},"modified":"2018-11-21T06:00:31","modified_gmt":"2018-11-21T06:00:31","slug":"espacio-el-autor-y-su-obra-presentara-dos-titulos-sobre-cirugia","status":"publish","type":"post","link":"https:\/\/contenidosportal.sld.cu\/portal20142020\/2018\/11\/21\/espacio-el-autor-y-su-obra-presentara-dos-titulos-sobre-cirugia\/","title":{"rendered":"Espacio \u00a8El Autor y su Obra\u00a8 presentar\u00e1 dos t\u00edtulos sobre cirug\u00eda"},"content":{"rendered":"<div class=\"imagen-node-pie\">\n\t\t\t\t\t\t<img loading=\"lazy\" decoding=\"async\" class=\"imagefield imagefield-field_imagen\" alt=\"\" src=\"http:\/\/contenidosportal.sld.cu\/files2014-2020\/imagen\/19\/biblioteca-medica-nacional.jpg\" width=\"242\" height=\"305\"><\/div>\n<div class=\"item-node\">\n<p>La <a href=\"http:\/\/www.bmns.sld.cu\/\" target=\"_blank\" rel=\"noopener\">Biblioteca M&eacute;dica Nacional<\/a> (BMN), como parte del Servicio de Promoci&oacute;n Cient&iacute;fica, convoca a participar en el espacio <a href=\"http:\/\/www.bmns.sld.cu\/promocion-cientifica\" target=\"_blank\" rel=\"noopener\">El Autor y su Obra<\/a> del mes de noviembre. En esta ocasi&oacute;n se presentar&aacute;n dos tomos del libro <em>Cirug&iacute;a<\/em>. Ambos textos, con la autor&iacute;a del Dr. Orestes Noel Mederos Curbelo y el Dr. Soler Vaillant, ser&aacute;n presentados al p&uacute;blico asistente este jueves 21 de noviembre de 2018 en la Sala de Lectura &uml;Xiomara Alfonso&uml;, a las 3:00 p.m.<\/p>\n<p>La entrada es libre.<\/p>\n<p>Usted puede acceder a los libros en formato digital desde la <a href=\"http:\/\/www.bvscuba.sld.cu\/clasificacion-de-libro\/libros-por-especialidades\/page\/2\/?q=cirugia-general\" target=\"_blank\" rel=\"noopener\">Biblioteca Virtual de Salud (BVS)<\/a>, as&iacute; como desde los servicios de sala de lectura y sala de navegaci&oacute;n de la BMN.<\/p>\n<p><a href=\"http:\/\/www.bvscuba.sld.cu\/libro\/cirugia-tomo-v-afecciones-del-abdomen-y-otras-especialidades-quirurgicas\/\" target=\"_blank\" rel=\"noopener\">Cirug&iacute;a. Tomo V. Afecciones del abdomen y otras especialidades quir&uacute;rgicas<\/a> (<a href=\"http:\/\/www.bvs.sld.cu\/libros\/cirugia_afecciones_abdomen_tomo5\/cirugia_5_calibre.epub\" target=\"_blank\" rel=\"noopener\">en ePUB<\/a>)<\/p>\n<p>Autor (es): Soler Vaillant R, Mederos Curbelo ON<br \/>\nA&ntilde;o de publicaci&oacute;n: 2018<br \/>\nEditorial: Ciencias M&eacute;dicas<\/p>\n<p><a href=\"http:\/\/www.bvscuba.sld.cu\/libro\/cirugia-tomo-vi-lesiones-graves-por-traumatismos\/\" target=\"_blank\" rel=\"noopener\">Cirug&iacute;a. Tomo VI. Lesiones graves por traumatismos<\/a> (<a href=\"http:\/\/www.bvs.sld.cu\/libros\/cirugia_lesiones_graves_traumatismos_tomo6\/cirugia_tomovi.epub\">en ePUB<\/a>)<\/p>\n<p>Autor (es): Soler Vaillant R, Mederos Curbelo ON<br \/>\nA&ntilde;o de publicaci&oacute;n: 2018<br \/>\nEditorial: Ciencias M&eacute;dicas<\/p>\n<\/div>\n<div class=\"clear\"><\/div>\n","protected":false},"excerpt":{"rendered":"<p>La Biblioteca M&eacute;dica Nacional (BMN), como parte del Servicio de Promoci&oacute;n Cient&iacute;fica, convoca a participar en el espacio El Autor y su Obra del mes de noviembre. En esta ocasi&oacute;n se presentar&aacute;n dos tomos del libro Cirug&iacute;a. Ambos textos, con la autor&iacute;a del Dr. Orestes Noel Mederos Curbelo y el Dr. Soler Vaillant, ser&aacute;n presentados [&hellip;]<\/p>\n","protected":false},"author":1,"featured_media":0,"comment_status":"close","ping_status":"open","sticky":false,"template":"","format":"standard","meta":{"footnotes":""},"categories":[2],"tags":[],"class_list":["post-9279","post","type-post","status-publish","format-standard","hentry","category-anuncio"],"_links":{"self":[{"href":"https:\/\/contenidosportal.sld.cu\/portal20142020\/wp-json\/wp\/v2\/posts\/9279","targetHints":{"allow":["GET"]}}],"collection":[{"href":"https:\/\/contenidosportal.sld.cu\/portal20142020\/wp-json\/wp\/v2\/posts"}],"about":[{"href":"https:\/\/contenidosportal.sld.cu\/portal20142020\/wp-json\/wp\/v2\/types\/post"}],"author":[{"embeddable":true,"href":"https:\/\/contenidosportal.sld.cu\/portal20142020\/wp-json\/wp\/v2\/users\/1"}],"replies":[{"embeddable":true,"href":"https:\/\/contenidosportal.sld.cu\/portal20142020\/wp-json\/wp\/v2\/comments?post=9279"}],"version-history":[{"count":0,"href":"https:\/\/contenidosportal.sld.cu\/portal20142020\/wp-json\/wp\/v2\/posts\/9279\/revisions"}],"wp:attachment":[{"href":"https:\/\/contenidosportal.sld.cu\/portal20142020\/wp-json\/wp\/v2\/media?parent=9279"}],"wp:term":[{"taxonomy":"category","embeddable":true,"href":"https:\/\/contenidosportal.sld.cu\/portal20142020\/wp-json\/wp\/v2\/categories?post=9279"},{"taxonomy":"post_tag","embeddable":true,"href":"https:\/\/contenidosportal.sld.cu\/portal20142020\/wp-json\/wp\/v2\/tags?post=9279"}],"curies":[{"name":"wp","href":"https:\/\/api.w.org\/{rel}","templated":true}]}}