{"id":9277,"date":"2018-11-21T06:00:34","date_gmt":"2018-11-21T06:00:34","guid":{"rendered":"http:\/\/contenidosportal.sld.cu\/portal20142020\/?p=3610"},"modified":"2018-11-21T06:00:34","modified_gmt":"2018-11-21T06:00:34","slug":"programa-mas-medicos-evaluacion-de-la-implantacion-del-eje-de-provision","status":"publish","type":"post","link":"https:\/\/contenidosportal.sld.cu\/portal20142020\/2018\/11\/21\/programa-mas-medicos-evaluacion-de-la-implantacion-del-eje-de-provision\/","title":{"rendered":"Programa M\u00e1s M\u00e9dicos: evaluaci\u00f3n de la implantaci\u00f3n del eje de Provisi\u00f3n"},"content":{"rendered":"<div class=\"imagen-node-pie\">\n\t\t\t\t\t\t<img loading=\"lazy\" decoding=\"async\" class=\"imagefield imagefield-field_imagen\" alt=\"\" src=\"http:\/\/contenidosportal.sld.cu\/files2014-2020\/imagen\/19\/mais-medicos.jpg\" width=\"242\" height=\"305\"><\/div>\n<div class=\"item-node\">\n<p>El Programa <em>M&aacute;s M&eacute;dicos<\/em> (PMM) fue creado en el a&ntilde;o 2013 para enfrentar desaf&iacute;os que condicionaban la expansi&oacute;n y el desarrollo de la atenci&oacute;n b&aacute;sica de salud, principalmente la insuficiencia y la mala distribuci&oacute;n de m&eacute;dicos y el perfil de formaci&oacute;n inadecuado a las necesidades de la poblaci&oacute;n. El programa se compone de tres ejes: provisi&oacute;n de emergencia, calificaci&oacute;n de la infraestructura y cambio de la formaci&oacute;n.<\/p>\n<p>En este art&iacute;culo publicado en el suplemento 1, volumen 21, de la revista brasile&ntilde;a <a href=\"http:\/\/www.scielo.br\/scielo.php?script=sci_arttext&amp;pid=S1414-32832017000501087&amp;lng=es&amp;nrm=iso&amp;tlng=es\" target=\"_blank\" rel=\"noopener\"><em>Interface &ndash; Comunica&ccedil;&atilde;o, Sa&uacute;de, Educa&ccedil;&atilde;o<\/em><\/a>, se realiza un an&aacute;lisis de bancos de datos oficiales y revisi&oacute;n de literatura con el objetivo de evaluar los resultados alcanzados hasta 2015 con &eacute;nfasis en la asignaci&oacute;n de m&eacute;dicos.<\/p>\n<p>Los autores identificaron avances importantes en este punto, en el car&aacute;cter equitativo del mismo, en la ampliaci&oacute;n de la cobertura de la atenci&oacute;n b&aacute;sica de salud, en la aumento del acceso de la poblaci&oacute;n a las acciones de la atenci&oacute;n b&aacute;sica, en el impacto en los indicadores de salud y en la evaluaci&oacute;n positiva que usuarios, m&eacute;dicos y gestores realizan del programa.<\/p>\n<p>Las evidencias disponibles permiten concluir que el PMM, en menos de tres a&ntilde;os de implantaci&oacute;n, alcanz&oacute; en el eje de provisi&oacute;n un conjunto de resultados relacionados a los objetivos del programa, tales como: atender la demanda de m&eacute;dicos realizada en 2013 y en los a&ntilde;os posteriores; la demanda de los gestores municipales para ampliar los equipos de salud de la familia y completar los existentes; asignar m&eacute;dicos en las &aacute;reas de mayor necesidad con equidad en la distribuci&oacute;n; ampliar la cobertura de la atenci&oacute;n b&aacute;sica y de la Estrategia de Salud de la Familia en un volumen y velocidad significativamente superior a la de los a&ntilde;os anteriores; ampliar el acceso de la poblaci&oacute;n a las acciones de atenci&oacute;n b&aacute;sica; aumentar el ritmo de reducci&oacute;n de las internaciones sensibles a la misma; tener una buena evaluaci&oacute;n por parte de usuarios, m&eacute;dicos y gestores; y constituirse en una alternativa importante de actuaci&oacute;n para los m&eacute;dicos brasile&ntilde;os.<\/p>\n<p><a href=\"http:\/\/www.scielo.br\/img\/revistas\/icse\/v21s1\/\/1807-5762-icse-1807-576220160520-gf03-es.jpg\" target=\"_blank\" title=\"Porcentaje de aumento del n\u00famero de m\u00e9dicos sin el PMM, per\u00edodo 2012 \u2013 2015. Ampliar imagen\" rel=\"noopener\"><img decoding=\"async\" alt=\"Porcentaje de aumento del n\u00famero de m\u00e9dicos sin el PMM, per\u00edodo 2012 \u2013 2015\" src=\"\/sites\/www.sld.cu\/files\/usuarios\/tania\/mapa1.jpg\" style=\"width: 200px;height: 203px\" \/><\/a>&nbsp;&nbsp; <a href=\"http:\/\/www.scielo.br\/img\/revistas\/icse\/v21s1\/\/1807-5762-icse-1807-576220160520-gf04-es.jpg\" target=\"_blank\" title=\"Porcentaje de aumento del n\u00famero de m\u00e9dicos con el PMM en el per\u00edodo 2012 \u2013 2015. Ampliar imagen\" rel=\"noopener\"><img decoding=\"async\" alt=\"Porcentaje de aumento del n\u00famero de m\u00e9dicos con el PMM en el per\u00edodo 2012 \u2013 2015\" src=\"\/sites\/www.sld.cu\/files\/usuarios\/tania\/mapa2.jpg\" style=\"width: 200px;height: 202px\" \/><\/a><\/p>\n<p>No obstante, a pesar del &eacute;xito del eje de provisi&oacute;n, los autores subrayan algunos desaf&iacute;os pendientes. Los m&eacute;dicos brasile&ntilde;os todav&iacute;a eligen y act&uacute;an en un n&uacute;mero de municipios mucho menor en relaci&oacute;n a los locales en donde los brasile&ntilde;os graduados en el exterior y, en especial los extranjeros, se proponen a actuar. Para que existan m&eacute;dicos en la cantidad necesaria y con la formaci&oacute;n adecuada a las necesidades de la poblaci&oacute;n brasile&ntilde;a es fundamental el alcance de los objetivos del eje formaci&oacute;n mejorando la calidad de la misma de manera que responda a las razones que exigieron la creaci&oacute;n de este Programa.<\/p>\n<p>Esta revista brasile&ntilde;a, tambi&eacute;n conocida como <a href=\"http:\/\/interface.org.br\/es\/a-revista\/\" target=\"_blank\" rel=\"noopener\"><em>Interface (Botucatu)<\/em><\/a>, es una publicaci&oacute;n de acceso abierto, interdisciplinaria, trimestral, editada por <em>Unesp<\/em> (Laboratorio de Comunicaci&oacute;n y Salud P&uacute;blica &#8211; Departamento de Salud P&uacute;blica, Facultad de Medicina de Botucatu), dirigida a la Educaci&oacute;n y Comunicaci&oacute;n en las pr&aacute;cticas de salud, la formaci&oacute;n de profesionales de salud (universitaria y continuada) y la Salud Colectiva en su articulaci&oacute;n con la Filosof&iacute;a, lar Artes y las Ciencias Sociales y Humanas.<\/p>\n<\/div>\n<div class=\"clear\"><\/div>\n<p>]]&gt;<\/p>\n","protected":false},"excerpt":{"rendered":"<p>El Programa M&aacute;s M&eacute;dicos (PMM) fue creado en el a&ntilde;o 2013 para enfrentar desaf&iacute;os que condicionaban la expansi&oacute;n y el desarrollo de la atenci&oacute;n b&aacute;sica de salud, principalmente la insuficiencia y la mala distribuci&oacute;n de m&eacute;dicos y el perfil de formaci&oacute;n inadecuado a las necesidades de la poblaci&oacute;n. El programa se compone de tres ejes: [&hellip;]<\/p>\n","protected":false},"author":1,"featured_media":0,"comment_status":"close","ping_status":"open","sticky":false,"template":"","format":"standard","meta":{"footnotes":""},"categories":[2],"tags":[],"class_list":["post-9277","post","type-post","status-publish","format-standard","hentry","category-anuncio"],"_links":{"self":[{"href":"https:\/\/contenidosportal.sld.cu\/portal20142020\/wp-json\/wp\/v2\/posts\/9277","targetHints":{"allow":["GET"]}}],"collection":[{"href":"https:\/\/contenidosportal.sld.cu\/portal20142020\/wp-json\/wp\/v2\/posts"}],"about":[{"href":"https:\/\/contenidosportal.sld.cu\/portal20142020\/wp-json\/wp\/v2\/types\/post"}],"author":[{"embeddable":true,"href":"https:\/\/contenidosportal.sld.cu\/portal20142020\/wp-json\/wp\/v2\/users\/1"}],"replies":[{"embeddable":true,"href":"https:\/\/contenidosportal.sld.cu\/portal20142020\/wp-json\/wp\/v2\/comments?post=9277"}],"version-history":[{"count":0,"href":"https:\/\/contenidosportal.sld.cu\/portal20142020\/wp-json\/wp\/v2\/posts\/9277\/revisions"}],"wp:attachment":[{"href":"https:\/\/contenidosportal.sld.cu\/portal20142020\/wp-json\/wp\/v2\/media?parent=9277"}],"wp:term":[{"taxonomy":"category","embeddable":true,"href":"https:\/\/contenidosportal.sld.cu\/portal20142020\/wp-json\/wp\/v2\/categories?post=9277"},{"taxonomy":"post_tag","embeddable":true,"href":"https:\/\/contenidosportal.sld.cu\/portal20142020\/wp-json\/wp\/v2\/tags?post=9277"}],"curies":[{"name":"wp","href":"https:\/\/api.w.org\/{rel}","templated":true}]}}