{"id":9250,"date":"2018-11-06T05:00:30","date_gmt":"2018-11-06T05:00:30","guid":{"rendered":"http:\/\/contenidosportal.sld.cu\/portal20142020\/?p=3557"},"modified":"2018-11-06T05:00:30","modified_gmt":"2018-11-06T05:00:30","slug":"mayor-comunicacion-visibilidad-e-informacion-en-el-dia-del-paludismo-en-las-ameri","status":"publish","type":"post","link":"https:\/\/contenidosportal.sld.cu\/portal20142020\/2018\/11\/06\/mayor-comunicacion-visibilidad-e-informacion-en-el-dia-del-paludismo-en-las-ameri\/","title":{"rendered":"Mayor comunicaci\u00f3n, visibilidad e informaci\u00f3n en el D\u00eda del Paludismo en las Am\u00e9ricas 2018"},"content":{"rendered":"<div class=\"imagen-node-pie\">\n\t\t\t\t\t\t<img loading=\"lazy\" decoding=\"async\" class=\"imagefield imagefield-field_imagen\" alt=\"\" src=\"http:\/\/contenidosportal.sld.cu\/files2014-2020\/imagen\/19\/6-nov-dia-del-paludismo-en-las-americas-nota-ampliada.jpg\" width=\"242\" height=\"305\"><\/div>\n<div class=\"item-node\">\n<p>En esta ocasi&oacute;n, la campa&ntilde;a ofrece una oportunidad a los pa&iacute;ses de la Regi&oacute;n para que fomenten la participaci&oacute;n de los diversos actores e interesados en el control del paludismo. En junio del 2008, el Comit&eacute; Ejecutivo de la <a href=\"https:\/\/www.paho.org\/hq\/index.php?lang=es\" target=\"_blank\" rel=\"noopener\">Organizaci&oacute;n Panamericana de la Salud (OPS)<\/a> recalc&oacute; la necesidad de aprovechar este espacio para que los pueblos de las Am&eacute;ricas se conviertan en firmes promotores y protagonistas de la lucha contra esta enfermedad.<\/p>\n<p>El <a href=\"https:\/\/www.paho.org\/campeonesmalaria\/dia-contra-el-paludismo-en-las-americas\/\" target=\"_blank\" rel=\"noopener\">D&iacute;a del Paludismo en las Am&eacute;ricas<\/a>, que se celebra por duod&eacute;cima vez el 6 de noviembre del 2018, ha sido concebido como una plataforma para que los pa&iacute;ses de la Regi&oacute;n puedan llevar a cabo una campa&ntilde;a din&aacute;mica contra la enfermedad durante todo el a&ntilde;o. De acuerdo con este esfuerzo consolidado de la comunidad global para resaltar los &eacute;xitos alcanzados y los desaf&iacute;os pendientes, la Regi&oacute;n est&aacute; adaptando el mismo tema que se utiliz&oacute; para conmemorar el D&iacute;a Mundial del Paludismo 2018: <strong>Preparados para vencer al paludismo<\/strong>. Cada una de las partes interesadas tiene la opci&oacute;n de utilizar este tema y dinamizar el compromiso de luchar contra la enfermedad.<\/p>\n<p>El D&iacute;a del Paludismo en las Am&eacute;ricas pretende lograr los siguientes objetivos:<\/p>\n<p class=\"rteindent1\">&bull; Mejorar el proceso de comunicaci&oacute;n y la promoci&oacute;n a todos los actores, socios interesados y audiencia destinataria;<\/p>\n<p class=\"rteindent1\">&bull; Aumentar la visibilidad y el inter&eacute;s por la malaria en la Regi&oacute;n de las Am&eacute;ricas, as&iacute; como la carga que representa esta enfermedad para la poblaci&oacute;n mundial;<\/p>\n<p class=\"rteindent1\">&bull; Aumentar el conocimiento y la comprensi&oacute;n de los temas claves entre p&uacute;blicos objetivos y la poblaci&oacute;n en general;<\/p>\n<p class=\"rteindent1\">&bull; Suscitar cambio de actitudes y comportamientos en la poblaci&oacute;n afectada;<\/p>\n<p class=\"rteindent1\">&bull; Generar abogac&iacute;a y apoyo del p&uacute;blico, pol&iacute;ticos, sector privado y socios estrat&eacute;gicos;<\/p>\n<p class=\"rteindent1\">&bull; Promover el apoyo a la lucha contra el paludismo a largo plazo, incluyendo la eliminaci&oacute;n de la transmisi&oacute;n local en zonas donde sea factible.<\/p>\n<p>El <a href=\"http:\/\/www.paho.org\/hq\/index.php?option=com_docman&amp;task=doc_download&amp;gid=35669&amp;Itemid=270&amp;lang=es\" target=\"_blank\" rel=\"noopener\">Plan de Acci&oacute;n para la eliminaci&oacute;n de la Malaria en las Am&eacute;ricas 2016 &#8211; 2020 (pdf 520)<\/a>, aprobado en septiembre de 2016 por el 55&ordm; Consejo Directivo de la OPS, destaca la promoci&oacute;n estrat&eacute;gica y las comunicaciones como uno de los temas prioritarios que necesita mayor atenci&oacute;n en la Regi&oacute;n. Un elemento importante del plan es precisamente la conmemoraci&oacute;n del D&iacute;a del Paludismo en Am&eacute;ricas, con campa&ntilde;as para intensificar la promoci&oacute;n y el compromiso de los actores y socios interesados, a fin de impulsar a las comunidades y a la poblaci&oacute;n en general a realizar acciones concretas que contribuyan al logro de las metas y los objetivos a nivel mundial, regional, nacional y comunitario.<\/p>\n<p>Seg&uacute;n el <a href=\"https:\/\/www.paho.org\/hq\/index.php?option=com_docman&amp;task=doc_download&amp;gid=43294&amp;Itemid=270&amp;lang=es\" target=\"_blank\" rel=\"noopener\">Informe mundial sobre el paludismo 2017 (en ingl&eacute;s)<\/a>, en 2016 se estimaron 216 millones de casos de malaria en todo el mundo, cifra inferior a los 237 millones de casos estimados en 2010 y superior a los 211 millones de casos estimados en 2015. La mayor&iacute;a de los casos de malaria del 2016 se produjeron en &Aacute;frica (90%), seguidos por el sudeste asi&aacute;tico (7%) y la regi&oacute;n del Mediterr&aacute;neo Oriental (2%).<\/p>\n<p>Se estima que la tasa de incidencia de malaria ha disminuido en un 18% a nivel mundial, de 76 a 63 casos por cada 1000 personas en riesgo, entre 2010 y 2016. La regi&oacute;n de Asia sudoriental registr&oacute; la mayor disminuci&oacute;n (48%), seguida por la regi&oacute;n de las Am&eacute;ricas (22%) y &Aacute;frica (20%). A pesar de estas reducciones, entre 2014 y 2016, se produjeron aumentos sustanciales en el historial de casos en las Am&eacute;ricas, y aisladamente en Asia sudoriental, el Pac&iacute;fico occidental y en algunas regiones africanas.<\/p>\n<p><em>Plasmodium falciparum<\/em> es el par&aacute;sito de la malaria predominante en el &Aacute;frica subsahariana, y fuera de &Aacute;frica, <em>P. vivax<\/em> es el par&aacute;sito predominante en las Am&eacute;ricas, en el sur de Asia oriental y en el Mediterr&aacute;neo oriental.<\/p>\n<p>El <a href=\"http:\/\/www.paho.org\/campeonesmalaria\/dia-contra-el-paludismo-en-las-americas\/\" target=\"_blank\" rel=\"noopener\">sitio del D&iacute;a del Paludismo en las Am&eacute;ricas de la OPS<\/a> ofrece informaci&oacute;n, p&oacute;steres y plantillas para apoyar las campa&ntilde;as de comunicaci&oacute;n y promoci&oacute;n de salud.<\/p>\n<\/div>\n<div class=\"clear\"><\/div>\n","protected":false},"excerpt":{"rendered":"<p>En esta ocasi&oacute;n, la campa&ntilde;a ofrece una oportunidad a los pa&iacute;ses de la Regi&oacute;n para que fomenten la participaci&oacute;n de los diversos actores e interesados en el control del paludismo. En junio del 2008, el Comit&eacute; Ejecutivo de la Organizaci&oacute;n Panamericana de la Salud (OPS) recalc&oacute; la necesidad de aprovechar este espacio para que los [&hellip;]<\/p>\n","protected":false},"author":1,"featured_media":0,"comment_status":"close","ping_status":"open","sticky":false,"template":"","format":"standard","meta":{"footnotes":""},"categories":[2],"tags":[],"class_list":["post-9250","post","type-post","status-publish","format-standard","hentry","category-anuncio"],"_links":{"self":[{"href":"https:\/\/contenidosportal.sld.cu\/portal20142020\/wp-json\/wp\/v2\/posts\/9250","targetHints":{"allow":["GET"]}}],"collection":[{"href":"https:\/\/contenidosportal.sld.cu\/portal20142020\/wp-json\/wp\/v2\/posts"}],"about":[{"href":"https:\/\/contenidosportal.sld.cu\/portal20142020\/wp-json\/wp\/v2\/types\/post"}],"author":[{"embeddable":true,"href":"https:\/\/contenidosportal.sld.cu\/portal20142020\/wp-json\/wp\/v2\/users\/1"}],"replies":[{"embeddable":true,"href":"https:\/\/contenidosportal.sld.cu\/portal20142020\/wp-json\/wp\/v2\/comments?post=9250"}],"version-history":[{"count":0,"href":"https:\/\/contenidosportal.sld.cu\/portal20142020\/wp-json\/wp\/v2\/posts\/9250\/revisions"}],"wp:attachment":[{"href":"https:\/\/contenidosportal.sld.cu\/portal20142020\/wp-json\/wp\/v2\/media?parent=9250"}],"wp:term":[{"taxonomy":"category","embeddable":true,"href":"https:\/\/contenidosportal.sld.cu\/portal20142020\/wp-json\/wp\/v2\/categories?post=9250"},{"taxonomy":"post_tag","embeddable":true,"href":"https:\/\/contenidosportal.sld.cu\/portal20142020\/wp-json\/wp\/v2\/tags?post=9250"}],"curies":[{"name":"wp","href":"https:\/\/api.w.org\/{rel}","templated":true}]}}