{"id":9245,"date":"2018-11-03T05:00:37","date_gmt":"2018-11-03T05:00:37","guid":{"rendered":"http:\/\/contenidosportal.sld.cu\/portal20142020\/?p=3549"},"modified":"2018-11-03T05:00:37","modified_gmt":"2018-11-03T05:00:37","slug":"jornada-provincial-de-anatomia-patologica-camagueey-2018","status":"publish","type":"post","link":"https:\/\/contenidosportal.sld.cu\/portal20142020\/2018\/11\/03\/jornada-provincial-de-anatomia-patologica-camagueey-2018\/","title":{"rendered":"Jornada Provincial de Anatom\u00eda Patol\u00f3gica, Camag\u00fcey 2018"},"content":{"rendered":"<div class=\"imagen-node-pie\">\n\t\t\t\t\t\t<img loading=\"lazy\" decoding=\"async\" class=\"imagefield imagefield-field_imagen\" alt=\"\" src=\"http:\/\/contenidosportal.sld.cu\/files2014-2020\/imagen\/17\/jornada-de-antomia-patologica-2018-nota-ampliada.jpg\" width=\"242\" height=\"305\"><\/div>\n<div class=\"item-node\">\n<p>Los d&iacute;as 23, 24 y 25 de noviembre de 2018, se efectuar&aacute; en el Sal&oacute;n Memorial de la Plaza de la Revoluci&oacute;n Mayor General Ignacio Agramonte y Loynaz, la <a href=\"http:\/\/especialidades.sld.cu\/anatomiapatologica\/2018\/10\/27\/jornada-provincial-de-anatomia-patologica-camaguey-2018-noviembre-23-24-y-25\/\" target=\"_blank\" rel=\"noopener\"><strong>Jornada Provincial de Anatom&iacute;a Patol&oacute;gica, Camag&uuml;ey 2018<\/strong>. <\/a>El evento tiene como prop&oacute;sito realizar un intercambio de experiencias entre colegas, que beneficie a todos y que marque proyecciones para la especialidad en el siglo XXI.<\/p>\n<p><strong>Organizan y auspician: <\/strong>Cap&iacute;tulo provincial de la Sociedad Cubana de Anatom&iacute;a Patol&oacute;gica, Universidad de Ciencias M&eacute;dicas &quot;Carlos J. Finlay&quot;, Hospital Universitario &quot;Manuel Ascunce Domenech&quot;, Consejo Provincial de Sociedades Cient&iacute;ficas de la Salud de Camag&uuml;ey.<\/p>\n<p>Los res&uacute;menes de los trabajos deben ser enviados en versi&oacute;n electr&oacute;nica considerando los siguientes requisitos: Documento en formato Word 6.0 o superior, Nombre(s) y apellidos del autor(es), Nombre de la Instituci&oacute;n, Modalidad de presentaci&oacute;n.<\/p>\n<p><strong>Estructura de los res&uacute;menes<\/strong><\/p>\n<p>-T&iacute;tulo del trabajo<br \/>\n-Objetivos<br \/>\n-M&eacute;todos<br \/>\n-Resultados<br \/>\n-Conclusiones<br \/>\n-No debe exceder de 250 palabras<\/p>\n<p>La fecha l&iacute;mite para el env&iacute;o de los res&uacute;menes y el pago de la cuota de inscripci&oacute;n es el <strong>10 de noviembre<\/strong>. Los trabajos deben enviarse a la <a href=\"mailto:naidy.cmw@infomed.sld.cu\" target=\"_blank\" title=\"Sobre Jornada Provincial de Anatom\u00eda Patol\u00f3gica, Camag\u00fcey 2018\" rel=\"noopener\">Dra. Naidy Rojo Quintero<\/a> (<a href=\"mailto:naidy.cmw@infomed.sld.cu\">naidy.cmw@infomed.sld.cu<\/a>)<\/p>\n<p><strong>Cuotas de inscripci&oacute;n<\/strong><br \/>\n-Delegados: 150 CUP<br \/>\n-Acompa&ntilde;antes: 100 CUP (s&oacute;lo para la actividad final)<\/p>\n<p>Para m&aacute;s informaci&oacute;n sobre el programa del evento consulte la <a href=\"http:\/\/www.cmw.sld.cu\/node\/1058\" target=\"_blank\" rel=\"noopener\">convocatoria completa.<\/a><\/p>\n<p>&nbsp;<\/p>\n<p>&nbsp;<\/p>\n<p>&nbsp;<\/p>\n<p>&nbsp;<\/p>\n<p>&nbsp;<\/p>\n<\/div>\n<div class=\"clear\"><\/div>\n<p>]]&#038;g<\/p>\n","protected":false},"excerpt":{"rendered":"<p>Los d&iacute;as 23, 24 y 25 de noviembre de 2018, se efectuar&aacute; en el Sal&oacute;n Memorial de la Plaza de la Revoluci&oacute;n Mayor General Ignacio Agramonte y Loynaz, la Jornada Provincial de Anatom&iacute;a Patol&oacute;gica, Camag&uuml;ey 2018. El evento tiene como prop&oacute;sito realizar un intercambio de experiencias entre colegas, que beneficie a todos y que marque [&hellip;]<\/p>\n","protected":false},"author":1,"featured_media":0,"comment_status":"close","ping_status":"open","sticky":false,"template":"","format":"standard","meta":{"footnotes":""},"categories":[2],"tags":[],"class_list":["post-9245","post","type-post","status-publish","format-standard","hentry","category-anuncio"],"_links":{"self":[{"href":"https:\/\/contenidosportal.sld.cu\/portal20142020\/wp-json\/wp\/v2\/posts\/9245","targetHints":{"allow":["GET"]}}],"collection":[{"href":"https:\/\/contenidosportal.sld.cu\/portal20142020\/wp-json\/wp\/v2\/posts"}],"about":[{"href":"https:\/\/contenidosportal.sld.cu\/portal20142020\/wp-json\/wp\/v2\/types\/post"}],"author":[{"embeddable":true,"href":"https:\/\/contenidosportal.sld.cu\/portal20142020\/wp-json\/wp\/v2\/users\/1"}],"replies":[{"embeddable":true,"href":"https:\/\/contenidosportal.sld.cu\/portal20142020\/wp-json\/wp\/v2\/comments?post=9245"}],"version-history":[{"count":0,"href":"https:\/\/contenidosportal.sld.cu\/portal20142020\/wp-json\/wp\/v2\/posts\/9245\/revisions"}],"wp:attachment":[{"href":"https:\/\/contenidosportal.sld.cu\/portal20142020\/wp-json\/wp\/v2\/media?parent=9245"}],"wp:term":[{"taxonomy":"category","embeddable":true,"href":"https:\/\/contenidosportal.sld.cu\/portal20142020\/wp-json\/wp\/v2\/categories?post=9245"},{"taxonomy":"post_tag","embeddable":true,"href":"https:\/\/contenidosportal.sld.cu\/portal20142020\/wp-json\/wp\/v2\/tags?post=9245"}],"curies":[{"name":"wp","href":"https:\/\/api.w.org\/{rel}","templated":true}]}}