{"id":9096,"date":"2018-05-29T08:39:29","date_gmt":"2018-05-29T08:39:29","guid":{"rendered":"http:\/\/contenidosportal.sld.cu\/portal20142020\/?p=3167"},"modified":"2018-05-29T08:39:29","modified_gmt":"2018-05-29T08:39:29","slug":"invitacion-sesion-cientifica-por-el-dia-mundial-sin-tabaco","status":"publish","type":"post","link":"https:\/\/contenidosportal.sld.cu\/portal20142020\/2018\/05\/29\/invitacion-sesion-cientifica-por-el-dia-mundial-sin-tabaco\/","title":{"rendered":"Invitaci\u00f3n a sesi\u00f3n cient\u00edfica por el D\u00eda Mundial sin Tabaco"},"content":{"rendered":"<div class=\"imagen-node-pie\">\n\t\t\t\t\t\t<img loading=\"lazy\" decoding=\"async\" class=\"imagefield imagefield-field_imagen\" alt=\"\" src=\"http:\/\/contenidosportal.sld.cu\/files2014-2020\/imagen\/18\/dia-mundial-tabaco-2018.png\" width=\"242\" height=\"305\"><\/div>\n<div class=\"item-node\">\n<p>En ocasi&oacute;n de celebrarse el pr&oacute;ximo 31 de mayo el D&iacute;a Mundial sin Tabaco, el <a href=\"http:\/\/instituciones.sld.cu\/inor\/\" target=\"_blank\" rel=\"noopener\">Instituto Nacional de Oncolog&iacute;a y Radiobiolog&iacute;a <\/a>y el grupo especial de trabajo del C&aacute;ncer de Pulm&oacute;n del Programa Integral de Control de C&aacute;ncer lo invitan a participar en una sesi&oacute;n cient&iacute;fica para debatir los siguientes temas:<\/p>\n<p>En ocasi&oacute;n de celebrarse el pr&oacute;ximo 31 de mayo el D&iacute;a Mundial sin Tabaco, el Instituto Nacional de Oncolog&iacute;a y el grupo especial de trabajo del C&aacute;ncer de Pulm&oacute;n del Programa Integral de Control de C&aacute;ncer lo invitan a participar en una sesi&oacute;n cient&iacute;fica para debatir los siguientes temas:<\/p>\n<p>&#8211; C&aacute;ncer de Pulm&oacute;n en Cuba, presentado por la Dra. Priscila Torres Babie, especialista en Oncolog&iacute;a del Registro Nacional de C&aacute;ncer<br \/>\n&#8211; Diagn&oacute;stico Temprano en C&aacute;ncer de Pulm&oacute;n, presentado por el Dr. Rub&eacute;n Elejalde, especialista en Neumolog&iacute;a del Instituto Nacional de Oncolog&iacute;a y Radiobiolog&iacute;a.<\/p>\n<p><strong>Lugar<\/strong>: sal&oacute;n de actos del Instituto Nacional de Oncolog&iacute;a y Radiobiolog&iacute;a<br \/>\n<strong>Hora<\/strong>: 3:00 p.m.<br \/>\n<strong>D&iacute;a<\/strong>: 31 de mayo<\/p>\n<p><a href=\"http:\/\/www.who.int\/campaigns\/no-tobacco-day\/2018\/es\/\" target=\"_blank\" rel=\"noopener\">M&aacute;s informaci&oacute;n<\/a>.<\/p>\n<p style=\"border: 0px;font-family: inherit;font-size: 11px;font-style: inherit;font-weight: inherit;margin: 0px;padding: 0px;vertical-align: baseline;text-align: justify\">&nbsp;<\/p>\n<p style=\"border: 0px;font-family: inherit;font-size: 11px;font-style: inherit;font-weight: inherit;margin: 0px;padding: 0px;vertical-align: baseline;text-align: justify\">&nbsp;<\/p>\n<\/div>\n<div class=\"clear\"><\/div>\n","protected":false},"excerpt":{"rendered":"<p>En ocasi&oacute;n de celebrarse el pr&oacute;ximo 31 de mayo el D&iacute;a Mundial sin Tabaco, el Instituto Nacional de Oncolog&iacute;a y Radiobiolog&iacute;a y el grupo especial de trabajo del C&aacute;ncer de Pulm&oacute;n del Programa Integral de Control de C&aacute;ncer lo invitan a participar en una sesi&oacute;n cient&iacute;fica para debatir los siguientes temas: En ocasi&oacute;n de celebrarse [&hellip;]<\/p>\n","protected":false},"author":1,"featured_media":0,"comment_status":"close","ping_status":"open","sticky":false,"template":"","format":"standard","meta":{"footnotes":""},"categories":[2],"tags":[],"class_list":["post-9096","post","type-post","status-publish","format-standard","hentry","category-anuncio"],"_links":{"self":[{"href":"https:\/\/contenidosportal.sld.cu\/portal20142020\/wp-json\/wp\/v2\/posts\/9096","targetHints":{"allow":["GET"]}}],"collection":[{"href":"https:\/\/contenidosportal.sld.cu\/portal20142020\/wp-json\/wp\/v2\/posts"}],"about":[{"href":"https:\/\/contenidosportal.sld.cu\/portal20142020\/wp-json\/wp\/v2\/types\/post"}],"author":[{"embeddable":true,"href":"https:\/\/contenidosportal.sld.cu\/portal20142020\/wp-json\/wp\/v2\/users\/1"}],"replies":[{"embeddable":true,"href":"https:\/\/contenidosportal.sld.cu\/portal20142020\/wp-json\/wp\/v2\/comments?post=9096"}],"version-history":[{"count":0,"href":"https:\/\/contenidosportal.sld.cu\/portal20142020\/wp-json\/wp\/v2\/posts\/9096\/revisions"}],"wp:attachment":[{"href":"https:\/\/contenidosportal.sld.cu\/portal20142020\/wp-json\/wp\/v2\/media?parent=9096"}],"wp:term":[{"taxonomy":"category","embeddable":true,"href":"https:\/\/contenidosportal.sld.cu\/portal20142020\/wp-json\/wp\/v2\/categories?post=9096"},{"taxonomy":"post_tag","embeddable":true,"href":"https:\/\/contenidosportal.sld.cu\/portal20142020\/wp-json\/wp\/v2\/tags?post=9096"}],"curies":[{"name":"wp","href":"https:\/\/api.w.org\/{rel}","templated":true}]}}