{"id":9077,"date":"2018-05-08T11:04:30","date_gmt":"2018-05-08T11:04:30","guid":{"rendered":"http:\/\/contenidosportal.sld.cu\/portal20142020\/?p=3093"},"modified":"2018-05-08T11:04:30","modified_gmt":"2018-05-08T11:04:30","slug":"convocatoria-la-18va-version-semipresencial-del-diplomado-en-gestion-de-informaci","status":"publish","type":"post","link":"https:\/\/contenidosportal.sld.cu\/portal20142020\/2018\/05\/08\/convocatoria-la-18va-version-semipresencial-del-diplomado-en-gestion-de-informaci\/","title":{"rendered":"Convocatoria a la 18va. versi\u00f3n semipresencial del Diplomado en Gesti\u00f3n de Informaci\u00f3n en Salud"},"content":{"rendered":"<div class=\"imagen-node-pie\">\n\t\t\t\t\t\t<img loading=\"lazy\" decoding=\"async\" class=\"imagefield imagefield-field_imagen\" alt=\"\" src=\"http:\/\/contenidosportal.sld.cu\/files2014-2020\/imagen\/18\/convocatoria-diplomado-gis-2018.jpg\" width=\"242\" height=\"305\"><\/div>\n<div class=\"item-node\">\n<p>Por la presente se convoca a la Decimoctava versi&oacute;n semipresencial del <strong>Diplomado en Gesti&oacute;n de Informaci&oacute;n en Salud<\/strong>, que comenzar&aacute; el 10 de septiembre del 2018.<\/p>\n<p>Las actividades presenciales se desarrollar&aacute;n un d&iacute;a de cada mes durante diez meses en la sede de Infomed, situada en 27 y M, Vedado.<\/p>\n<p>El resto de las actividades ser&aacute;n a trav&eacute;s del<a href=\"http:\/\/aulavirtual.sld.cu\/\"> aula<\/a> de la Universidad Virtual de Salud (UVS).<\/p>\n<p><strong>Cursos que ser&aacute;n impartidos:<\/strong><\/p>\n<p>-CURSO B&Aacute;SICO: Introducci&oacute;n al Diplomado en Gesti&oacute;n de Informaci&oacute;n.<br \/>\n-TECNOLOG&Iacute;AS DE LA INFORMACI&Oacute;N.<br \/>\n-INVESTIGACI&Oacute;N EN LA GESTI&Oacute;N DE INFORMACI&Oacute;N.<br \/>\n-FUENTES DE INFORMACI&Oacute;N.<br \/>\n-GESTI&Oacute;N DE LA INFORMACI&Oacute;N.<\/p>\n<p>Dirigido a profesionales del Sistema Nacional de Salud que deseen aplicar la gesti&oacute;n de la informaci&oacute;n y el conocimiento unido a los avances de las nuevas tecnolog&iacute;as en la investigaci&oacute;n, docencia, asistencia y gesti&oacute;n de salud.<\/p>\n<p><strong>SOLICITUD DE MATR&Iacute;CULA<\/strong><\/p>\n<p>Los interesados deben enviar antes del 31 de mayo el Curr&iacute;culo Vitae y la planilla de solicitud.<\/p>\n<p>A los<strong> seleccionados<\/strong> se les solicitar&aacute;n los documentos siguientes:<\/p>\n<p style=\"margin-left:36.0pt\">&#8211; Carta de aprobaci&oacute;n de la instituci&oacute;n que labora.<\/p>\n<p style=\"margin-left:36.0pt\">&#8211; Copia del diploma de graduado universitario.<\/p>\n<p>El cierre de la Convocatoria se har&aacute; efectivo el 31 de mayo y el 15 de julio se dar&aacute;n a conocer los estudiantes seleccionados.<\/p>\n<p>La informaci&oacute;n debe ser enviada a Secretar&iacute;a Docente:<br \/>\n<a href=\"mailto:secretariadoc@infomed.sld.cu\">secretariadoc@infomed.sld.cu<\/a><\/p>\n<p><a href=\"http:\/\/files.sld.cu\/editorhome\/files\/2018\/05\/Planillas-diplomado-GIS-2018.docx\" target=\"_blank\" rel=\"noopener\">Descargar planillas para enviar a Secretar&iacute;a Docente<\/a><\/p>\n<\/div>\n<div class=\"clear\"><\/div>\n","protected":false},"excerpt":{"rendered":"<p>Por la presente se convoca a la Decimoctava versi&oacute;n semipresencial del Diplomado en Gesti&oacute;n de Informaci&oacute;n en Salud, que comenzar&aacute; el 10 de septiembre del 2018. Las actividades presenciales se desarrollar&aacute;n un d&iacute;a de cada mes durante diez meses en la sede de Infomed, situada en 27 y M, Vedado. El resto de las actividades [&hellip;]<\/p>\n","protected":false},"author":1,"featured_media":0,"comment_status":"close","ping_status":"open","sticky":false,"template":"","format":"standard","meta":{"footnotes":""},"categories":[2],"tags":[],"class_list":["post-9077","post","type-post","status-publish","format-standard","hentry","category-anuncio"],"_links":{"self":[{"href":"https:\/\/contenidosportal.sld.cu\/portal20142020\/wp-json\/wp\/v2\/posts\/9077","targetHints":{"allow":["GET"]}}],"collection":[{"href":"https:\/\/contenidosportal.sld.cu\/portal20142020\/wp-json\/wp\/v2\/posts"}],"about":[{"href":"https:\/\/contenidosportal.sld.cu\/portal20142020\/wp-json\/wp\/v2\/types\/post"}],"author":[{"embeddable":true,"href":"https:\/\/contenidosportal.sld.cu\/portal20142020\/wp-json\/wp\/v2\/users\/1"}],"replies":[{"embeddable":true,"href":"https:\/\/contenidosportal.sld.cu\/portal20142020\/wp-json\/wp\/v2\/comments?post=9077"}],"version-history":[{"count":0,"href":"https:\/\/contenidosportal.sld.cu\/portal20142020\/wp-json\/wp\/v2\/posts\/9077\/revisions"}],"wp:attachment":[{"href":"https:\/\/contenidosportal.sld.cu\/portal20142020\/wp-json\/wp\/v2\/media?parent=9077"}],"wp:term":[{"taxonomy":"category","embeddable":true,"href":"https:\/\/contenidosportal.sld.cu\/portal20142020\/wp-json\/wp\/v2\/categories?post=9077"},{"taxonomy":"post_tag","embeddable":true,"href":"https:\/\/contenidosportal.sld.cu\/portal20142020\/wp-json\/wp\/v2\/tags?post=9077"}],"curies":[{"name":"wp","href":"https:\/\/api.w.org\/{rel}","templated":true}]}}