{"id":8929,"date":"2017-12-05T07:50:43","date_gmt":"2017-12-05T07:50:43","guid":{"rendered":"http:\/\/contenidosportal.sld.cu\/portal20142020\/?p=2734"},"modified":"2017-12-05T07:50:43","modified_gmt":"2017-12-05T07:50:43","slug":"propuestas-de-la-bvs-cuba-proposito-del-dia-latinoamericano-de-lucha-contra-el-ca","status":"publish","type":"post","link":"https:\/\/contenidosportal.sld.cu\/portal20142020\/2017\/12\/05\/propuestas-de-la-bvs-cuba-proposito-del-dia-latinoamericano-de-lucha-contra-el-ca\/","title":{"rendered":"Propuestas de la BVS-Cuba, a prop\u00f3sito del D\u00eda Latinoamericano de Lucha contra el C\u00e1ncer Bucal"},"content":{"rendered":"<div class=\"imagen-node-pie\">\n\t\t\t\t\t\t<img loading=\"lazy\" decoding=\"async\" class=\"imagefield imagefield-field_imagen\" alt=\"\" src=\"http:\/\/contenidosportal.sld.cu\/files2014-2020\/imagen\/17\/dia_latinoamericano_cancer_bucal_portal_0.jpg\" width=\"242\" height=\"305\"><\/div>\n<div class=\"item-node\">\n<p class=\"rtejustify\">En el D&iacute;a Latinoamericano de Lucha contra el C&aacute;ncer Bucal, la <a href=\"http:\/\/bvscuba.sld.cu\/\">Biblioteca Virtual en Salud BVS-Cuba<\/a> propone la lectura del art&iacute;culo <a href=\"http:\/\/scieloprueba.sld.cu\/scielo.php?script=sci_arttext&amp;pid=S1684-18242017000200010&amp;lng=es&amp;nrm=iso\" target=\"_blank\" rel=\"noopener\">&quot;Caracterizaci&oacute;n del C&aacute;ncer Bucal. Estudio de 15 a&ntilde;os&quot;<\/a>, publicado en la <a href=\"http:\/\/revmedicaelectronica.sld.cu\/index.php\/rme\">Revista M&eacute;dica Electr&oacute;nica<\/a>, <a href=\"http:\/\/scieloprueba.sld.cu\/scielo.php?script=sci_issuetoc&amp;pid=1684-182420170002&amp;lng=es&amp;nrm=iso\">Volumen 39, N&uacute;mero 2 marzo-abril (2017)<\/a>, incluida en la colecci&oacute;n <a href=\"http:\/\/scieloprueba.sld.cu\/scielo.php?lng=es\">SciELO Cuba<\/a>.<\/p>\n<p class=\"rtejustify\">El c&aacute;ncer bucal es una enfermedad que afecta la mucosa bucal y al ser destructiva incide en la calidad de vida del ser humano. Produce secuelas permanentes en el complejo bucal capaces de afectar psicol&oacute;gicamente al enfermo, repercutir en su entorno familiar y social, as&iacute; como crear dificultades para diversas funciones como la masticaci&oacute;n y el lenguaje.<\/p>\n<p class=\"rtejustify\">Diversos estudios han mostrado que los principales factores de riesgo asociados a algunos tipos de c&aacute;ncer bucal son el tabaquismo y el alcoholismo. Otros factores de riesgo para la aparici&oacute;n de este mal y que son compartidos por muchos investigadores son: la edad del paciente, la irritaci&oacute;n cr&oacute;nica producida por dientes filosos o pr&oacute;tesis mal adaptadas, la mala higiene bucal, avitaminosis (A, C y E) y los compuestos qu&iacute;micos empleados en algunas profesiones (n&iacute;quel, textiles, &aacute;cido sulf&uacute;rico), as&iacute; como las infecciones por el Virus del Papiloma Humano.<\/p>\n<p class=\"rtejustify\">La <a href=\"http:\/\/revmedicaelectronica.sld.cu\/index.php\/rme\">Revista M&eacute;dica Electr&oacute;nica<\/a> es editada por el Centro de Informaci&oacute;n de Ciencias M&eacute;dicas de Matanzas (CPICMMT) y tiene como objetivo divulgar los resultados del quehacer cient&iacute;fico de los profesionales y t&eacute;cnicos relacionados con la salud de la poblaci&oacute;n. Con una periodicidad bimestral, publica art&iacute;culos de las Ciencias M&eacute;dicas y de la Salud de cualquier regi&oacute;n del pa&iacute;s y del mundo, pero prioriza la producci&oacute;n cient&iacute;fica de la provincia de Matanzas.<\/p>\n<p class=\"rtejustify\"><a href=\"http:\/\/scieloprueba.sld.cu\/scielo.php?lng=es\">SciELO Cuba<\/a> es una colecci&oacute;n electr&oacute;nica de revistas cubanas de medicina. Forma parte de un proyecto de car&aacute;cter regional y es desarrollada por la Red Telem&aacute;tica de Salud en Cuba (<a href=\"http:\/\/www.infomed.sld.cu\">INFOMED<\/a>) en colaboraci&oacute;n con el Centro Latinoamericano y del Caribe de Informaci&oacute;n en Ciencias de la Salud de Brasil (<a href=\"http:\/\/www.bireme.br\">BIREME<\/a>). Su objetivo principal es contribuir a la difusi&oacute;n de la literatura cient&iacute;fica generada en cada pa&iacute;s, as&iacute; como mejorar e incrementar la visibilidad de las publicaciones de la regi&oacute;n.<\/p>\n<p class=\"rtejustify\">Se puede acceder a esta y otras publicaciones directamente en el enlace <a href=\"http:\/\/bvscuba.sld.cu\/revistas-medicas-cubanas\/\">Revistas m&eacute;dicas cubanas<\/a>, que se encuentra dentro del grupo de <a href=\"http:\/\/bvscuba.sld.cu\/blog\/vhl\/fuentes-de-informacion\/acceso-a-textos-completos\/revistas-cientificas\/\">Revistas y libros a texto completo<\/a> de la (<a href=\"http:\/\/bvscuba.sld.cu\/\">BVS-Cuba<\/a>).<\/p>\n<\/div>\n<div class=\"clear\"><\/div>\n","protected":false},"excerpt":{"rendered":"<p>En el D&iacute;a Latinoamericano de Lucha contra el C&aacute;ncer Bucal, la Biblioteca Virtual en Salud BVS-Cuba propone la lectura del art&iacute;culo &quot;Caracterizaci&oacute;n del C&aacute;ncer Bucal. Estudio de 15 a&ntilde;os&quot;, publicado en la Revista M&eacute;dica Electr&oacute;nica, Volumen 39, N&uacute;mero 2 marzo-abril (2017), incluida en la colecci&oacute;n SciELO Cuba. El c&aacute;ncer bucal es una enfermedad que afecta [&hellip;]<\/p>\n","protected":false},"author":1,"featured_media":0,"comment_status":"close","ping_status":"open","sticky":false,"template":"","format":"standard","meta":{"footnotes":""},"categories":[2],"tags":[],"class_list":["post-8929","post","type-post","status-publish","format-standard","hentry","category-anuncio"],"_links":{"self":[{"href":"https:\/\/contenidosportal.sld.cu\/portal20142020\/wp-json\/wp\/v2\/posts\/8929","targetHints":{"allow":["GET"]}}],"collection":[{"href":"https:\/\/contenidosportal.sld.cu\/portal20142020\/wp-json\/wp\/v2\/posts"}],"about":[{"href":"https:\/\/contenidosportal.sld.cu\/portal20142020\/wp-json\/wp\/v2\/types\/post"}],"author":[{"embeddable":true,"href":"https:\/\/contenidosportal.sld.cu\/portal20142020\/wp-json\/wp\/v2\/users\/1"}],"replies":[{"embeddable":true,"href":"https:\/\/contenidosportal.sld.cu\/portal20142020\/wp-json\/wp\/v2\/comments?post=8929"}],"version-history":[{"count":0,"href":"https:\/\/contenidosportal.sld.cu\/portal20142020\/wp-json\/wp\/v2\/posts\/8929\/revisions"}],"wp:attachment":[{"href":"https:\/\/contenidosportal.sld.cu\/portal20142020\/wp-json\/wp\/v2\/media?parent=8929"}],"wp:term":[{"taxonomy":"category","embeddable":true,"href":"https:\/\/contenidosportal.sld.cu\/portal20142020\/wp-json\/wp\/v2\/categories?post=8929"},{"taxonomy":"post_tag","embeddable":true,"href":"https:\/\/contenidosportal.sld.cu\/portal20142020\/wp-json\/wp\/v2\/tags?post=8929"}],"curies":[{"name":"wp","href":"https:\/\/api.w.org\/{rel}","templated":true}]}}