{"id":8768,"date":"2017-05-13T08:45:17","date_gmt":"2017-05-13T08:45:17","guid":{"rendered":"http:\/\/contenidosportal.sld.cu\/portal20142020\/?p=2286"},"modified":"2017-05-13T08:45:17","modified_gmt":"2017-05-13T08:45:17","slug":"12-de-mayo-dia-internacional-de-la-enfermeria-mensaje-del-ministro-de-salud-publi","status":"publish","type":"post","link":"https:\/\/contenidosportal.sld.cu\/portal20142020\/2017\/05\/13\/12-de-mayo-dia-internacional-de-la-enfermeria-mensaje-del-ministro-de-salud-publi\/","title":{"rendered":"12 de mayo: D\u00eda Internacional de la Enfermer\u00eda. Mensaje del Ministro de Salud P\u00fablica"},"content":{"rendered":"<div class=\"imagen-node-pie\">\n\t\t\t\t\t\t<img loading=\"lazy\" decoding=\"async\" class=\"imagefield imagefield-field_imagen\" alt=\"\" src=\"http:\/\/contenidosportal.sld.cu\/files2014-2020\/imagen\/18\/minsap_cuba_1.jpg\" width=\"242\" height=\"305\"><\/div>\n<div class=\"item-node\">\n<h4><a href=\"http:\/\/files.sld.cu\/editorhome\/files\/2017\/05\/Carta-ministro-D%C3%ADa-de-la-Enfermer%C3%ADa.pdf\" target=\"_blank\" rel=\"noopener\"><strong>Mensaje del Dr. Roberto Morales Ojeda, Ministro de Salud P&uacute;blica, por el D&iacute;a Internacional de la Enfermer&iacute;a<\/strong><\/a><\/h4>\n<p>\nA nuestros Profesionales y T&eacute;cnicos de la Enfermer&iacute;a<\/p>\n<p>Queridas compa&ntilde;eras y compa&ntilde;eros,<\/p>\n<p>Al conmemorar el D&iacute;a Internacional de la Enfermer&iacute;a, les expresamos el reconocimiento a la abnegada labor que realizan cada d&iacute;a, baluarte en la atenci&oacute;n de salud de nuestro pueblo y de otros muchos del mundo, donde tambi&eacute;n escriben hermosas p&aacute;ginas de entrega sin l&iacute;mites como fieles exponentes de esta humana profesi&oacute;n&#8230; <a href=\"http:\/\/files.sld.cu\/editorhome\/files\/2017\/05\/Carta-ministro-D%C3%ADa-de-la-Enfermer%C3%ADa.pdf\" target=\"_blank\" rel=\"noopener\">Leer m&aacute;s<\/a><\/p>\n<\/div>\n<div class=\"clear\"><\/div>\n","protected":false},"excerpt":{"rendered":"<p>Mensaje del Dr. Roberto Morales Ojeda, Ministro de Salud P&uacute;blica, por el D&iacute;a Internacional de la Enfermer&iacute;a A nuestros Profesionales y T&eacute;cnicos de la Enfermer&iacute;a Queridas compa&ntilde;eras y compa&ntilde;eros, Al conmemorar el D&iacute;a Internacional de la Enfermer&iacute;a, les expresamos el reconocimiento a la abnegada labor que realizan cada d&iacute;a, baluarte en la atenci&oacute;n de salud [&hellip;]<\/p>\n","protected":false},"author":1,"featured_media":0,"comment_status":"close","ping_status":"open","sticky":false,"template":"","format":"standard","meta":{"footnotes":""},"categories":[2],"tags":[],"class_list":["post-8768","post","type-post","status-publish","format-standard","hentry","category-anuncio"],"_links":{"self":[{"href":"https:\/\/contenidosportal.sld.cu\/portal20142020\/wp-json\/wp\/v2\/posts\/8768","targetHints":{"allow":["GET"]}}],"collection":[{"href":"https:\/\/contenidosportal.sld.cu\/portal20142020\/wp-json\/wp\/v2\/posts"}],"about":[{"href":"https:\/\/contenidosportal.sld.cu\/portal20142020\/wp-json\/wp\/v2\/types\/post"}],"author":[{"embeddable":true,"href":"https:\/\/contenidosportal.sld.cu\/portal20142020\/wp-json\/wp\/v2\/users\/1"}],"replies":[{"embeddable":true,"href":"https:\/\/contenidosportal.sld.cu\/portal20142020\/wp-json\/wp\/v2\/comments?post=8768"}],"version-history":[{"count":0,"href":"https:\/\/contenidosportal.sld.cu\/portal20142020\/wp-json\/wp\/v2\/posts\/8768\/revisions"}],"wp:attachment":[{"href":"https:\/\/contenidosportal.sld.cu\/portal20142020\/wp-json\/wp\/v2\/media?parent=8768"}],"wp:term":[{"taxonomy":"category","embeddable":true,"href":"https:\/\/contenidosportal.sld.cu\/portal20142020\/wp-json\/wp\/v2\/categories?post=8768"},{"taxonomy":"post_tag","embeddable":true,"href":"https:\/\/contenidosportal.sld.cu\/portal20142020\/wp-json\/wp\/v2\/tags?post=8768"}],"curies":[{"name":"wp","href":"https:\/\/api.w.org\/{rel}","templated":true}]}}