{"id":8761,"date":"2017-05-05T09:53:02","date_gmt":"2017-05-05T09:53:02","guid":{"rendered":"http:\/\/contenidosportal.sld.cu\/portal20142020\/?p=2266"},"modified":"2017-05-05T09:53:02","modified_gmt":"2017-05-05T09:53:02","slug":"reunion-nacional-de-directores-de-los-centros-provinciales-de-informacion-de-cien","status":"publish","type":"post","link":"https:\/\/contenidosportal.sld.cu\/portal20142020\/2017\/05\/05\/reunion-nacional-de-directores-de-los-centros-provinciales-de-informacion-de-cien\/","title":{"rendered":"Reuni\u00f3n Nacional de Directores de los Centros Provinciales de Informaci\u00f3n de Ciencias M\u00e9dicas, CPICM"},"content":{"rendered":"<div class=\"imagen-node-pie\">\n\t\t\t\t\t\t<img loading=\"lazy\" decoding=\"async\" class=\"imagefield imagefield-field_imagen\" alt=\"\" src=\"http:\/\/contenidosportal.sld.cu\/files2014-2020\/imagen\/18\/directores-cpicm-2016.jpg\" width=\"242\" height=\"305\"><\/div>\n<div class=\"item-node\">\n<p>Del 9 al 11 de mayo pr&oacute;ximos, se estar&aacute; celebrando la primera Reuni&oacute;n Nacional de Directores de los Centros Provinciales de Informaci&oacute;n de Ciencias M&eacute;dicas (CPICM) del a&ntilde;o 2017. El evento tendr&aacute; como sede la Universidad de Ciencias M&eacute;dicas de Pinar del R&iacute;o y como principal objetivo discutir las estrategias de trabajo para el fortalecimiento de las redes territoriales.<\/p>\n<p>La agenda propuesta para dicho encuentro incluir&aacute; adem&aacute;s la visita a instituciones de la red de bibliotecas del territorio.<\/p>\n<p>La DrCs. Ileana Regla Alfonso S&aacute;nchez, Directora del Centro Nacional de Informaci&oacute;n de Ciencias M&eacute;dicas (CNICM) presidir&aacute; las sesiones de trabajo, en las que participar&aacute;n los directores de los CPICM, los especialistas principales de las &aacute;reas del CPICM de Pinar del R&iacute;o y un equipo de trabajo del CNICM.<\/p>\n<\/div>\n<div class=\"clear\"><\/div>\n","protected":false},"excerpt":{"rendered":"<p>Del 9 al 11 de mayo pr&oacute;ximos, se estar&aacute; celebrando la primera Reuni&oacute;n Nacional de Directores de los Centros Provinciales de Informaci&oacute;n de Ciencias M&eacute;dicas (CPICM) del a&ntilde;o 2017. El evento tendr&aacute; como sede la Universidad de Ciencias M&eacute;dicas de Pinar del R&iacute;o y como principal objetivo discutir las estrategias de trabajo para el fortalecimiento [&hellip;]<\/p>\n","protected":false},"author":1,"featured_media":0,"comment_status":"close","ping_status":"open","sticky":false,"template":"","format":"standard","meta":{"footnotes":""},"categories":[2],"tags":[],"class_list":["post-8761","post","type-post","status-publish","format-standard","hentry","category-anuncio"],"_links":{"self":[{"href":"https:\/\/contenidosportal.sld.cu\/portal20142020\/wp-json\/wp\/v2\/posts\/8761","targetHints":{"allow":["GET"]}}],"collection":[{"href":"https:\/\/contenidosportal.sld.cu\/portal20142020\/wp-json\/wp\/v2\/posts"}],"about":[{"href":"https:\/\/contenidosportal.sld.cu\/portal20142020\/wp-json\/wp\/v2\/types\/post"}],"author":[{"embeddable":true,"href":"https:\/\/contenidosportal.sld.cu\/portal20142020\/wp-json\/wp\/v2\/users\/1"}],"replies":[{"embeddable":true,"href":"https:\/\/contenidosportal.sld.cu\/portal20142020\/wp-json\/wp\/v2\/comments?post=8761"}],"version-history":[{"count":0,"href":"https:\/\/contenidosportal.sld.cu\/portal20142020\/wp-json\/wp\/v2\/posts\/8761\/revisions"}],"wp:attachment":[{"href":"https:\/\/contenidosportal.sld.cu\/portal20142020\/wp-json\/wp\/v2\/media?parent=8761"}],"wp:term":[{"taxonomy":"category","embeddable":true,"href":"https:\/\/contenidosportal.sld.cu\/portal20142020\/wp-json\/wp\/v2\/categories?post=8761"},{"taxonomy":"post_tag","embeddable":true,"href":"https:\/\/contenidosportal.sld.cu\/portal20142020\/wp-json\/wp\/v2\/tags?post=8761"}],"curies":[{"name":"wp","href":"https:\/\/api.w.org\/{rel}","templated":true}]}}