{"id":8482,"date":"2016-08-11T07:54:55","date_gmt":"2016-08-11T07:54:55","guid":{"rendered":"http:\/\/contenidosportal.sld.cu\/portal20142020\/?p=1644"},"modified":"2016-08-11T07:54:55","modified_gmt":"2016-08-11T07:54:55","slug":"efectuaran-en-ciego-de-avila-simposio-internacional-sobre-traumatismo-craneoencef","status":"publish","type":"post","link":"https:\/\/contenidosportal.sld.cu\/portal20142020\/2016\/08\/11\/efectuaran-en-ciego-de-avila-simposio-internacional-sobre-traumatismo-craneoencef\/","title":{"rendered":"Efectuar\u00e1n en Ciego de \u00c1vila Simposio Internacional sobre Traumatismo Craneoencef\u00e1lico"},"content":{"rendered":"<div class=\"imagen-node-pie\">\n\t\t\t\t\t\t<img loading=\"lazy\" decoding=\"async\" class=\"imagefield imagefield-field_imagen\" alt=\"\" src=\"http:\/\/contenidosportal.sld.cu\/files2014-2020\/imagen\/18\/neuromoron_0.jpg\" width=\"242\" height=\"305\"><\/div>\n<div class=\"item-node\">\n<p class=\"rtejustify\">Temas&nbsp; relacionados con el traumatismo craneoencef&aacute;lico ser&aacute;n debatidos por&nbsp; especialistas cubanos y for&aacute;neos en el Simposio Internacional&nbsp; que tratar&aacute; este problema de salud. El evento se celebrar&aacute; del 8 al 9 de septiembre en el municipio avile&ntilde;o de Mor&oacute;n, pionero en la celebraci&oacute;n de estas reuniones.<\/p>\n<p>La <a href=\"http:\/\/www.sld.cu\/sitios\/neurocuba\/\" target=\"_blank\" rel=\"noopener\">Sociedad Cubana de Neurolog&iacute;a y Neurocirug&iacute;a<\/a> anuncia la realizaci&oacute;n del Simposio Internacional sobre Traumatismo Craneoencef&aacute;lico que se efectuar&aacute; del 8 al 9 de septiembre en Mor&oacute;n, Ciego de &Aacute;vila.<\/p>\n<p class=\"rtejustify\">La epidemiolog&iacute;a del traumatismo craneoencef&aacute;lico, el empleo &oacute;ptimo de las tecnolog&iacute;as para el diagn&oacute;stico, las t&eacute;cnicas neuroquir&uacute;rgicas, la neurorehabilitaci&oacute;n y el cuidado de las lesiones causadas por traumatizados craneales son algunos de los temas incluidos en el programa cient&iacute;fico.<\/p>\n<p class=\"rtejustify\">En la convocatoria del evento se informa que el traumatismo craneoencef&aacute;lico constituye una de las principales causas de incapacidad y muerte en el mundo desde tiempos inmemoriales, y el desarrollo tecnol&oacute;gico y el incremento de la accidentalidad han provocado un aumento de la mortalidad por esta causa en Cuba y el mundo.<\/p>\n<p class=\"rtejustify\">La <a href=\"http:\/\/who.int\" target=\"_blank\" rel=\"noopener\">Organizaci&oacute;n Mundial de la Salud<\/a> ha catalogado este fen&oacute;meno como &ldquo;la epidemia silenciosa&rdquo; por ser la primera causa de muerte de individuos menores de 40 a&ntilde;os en el mundo. Por tanto, los resultados cient&iacute;ficos alcanzados en esta especialidad pueden influir sobre las diferentes estrategias terap&eacute;uticas encaminadas a mejorar la atenci&oacute;n sanitaria de los lesionados.<\/p>\n<p>&nbsp;<\/p>\n<\/div>\n<div class=\"clear\"><\/div>\n","protected":false},"excerpt":{"rendered":"<p>Temas&nbsp; relacionados con el traumatismo craneoencef&aacute;lico ser&aacute;n debatidos por&nbsp; especialistas cubanos y for&aacute;neos en el Simposio Internacional&nbsp; que tratar&aacute; este problema de salud. El evento se celebrar&aacute; del 8 al 9 de septiembre en el municipio avile&ntilde;o de Mor&oacute;n, pionero en la celebraci&oacute;n de estas reuniones. La Sociedad Cubana de Neurolog&iacute;a y Neurocirug&iacute;a anuncia la [&hellip;]<\/p>\n","protected":false},"author":1,"featured_media":0,"comment_status":"close","ping_status":"open","sticky":false,"template":"","format":"standard","meta":{"footnotes":""},"categories":[2],"tags":[],"class_list":["post-8482","post","type-post","status-publish","format-standard","hentry","category-anuncio"],"_links":{"self":[{"href":"https:\/\/contenidosportal.sld.cu\/portal20142020\/wp-json\/wp\/v2\/posts\/8482","targetHints":{"allow":["GET"]}}],"collection":[{"href":"https:\/\/contenidosportal.sld.cu\/portal20142020\/wp-json\/wp\/v2\/posts"}],"about":[{"href":"https:\/\/contenidosportal.sld.cu\/portal20142020\/wp-json\/wp\/v2\/types\/post"}],"author":[{"embeddable":true,"href":"https:\/\/contenidosportal.sld.cu\/portal20142020\/wp-json\/wp\/v2\/users\/1"}],"replies":[{"embeddable":true,"href":"https:\/\/contenidosportal.sld.cu\/portal20142020\/wp-json\/wp\/v2\/comments?post=8482"}],"version-history":[{"count":0,"href":"https:\/\/contenidosportal.sld.cu\/portal20142020\/wp-json\/wp\/v2\/posts\/8482\/revisions"}],"wp:attachment":[{"href":"https:\/\/contenidosportal.sld.cu\/portal20142020\/wp-json\/wp\/v2\/media?parent=8482"}],"wp:term":[{"taxonomy":"category","embeddable":true,"href":"https:\/\/contenidosportal.sld.cu\/portal20142020\/wp-json\/wp\/v2\/categories?post=8482"},{"taxonomy":"post_tag","embeddable":true,"href":"https:\/\/contenidosportal.sld.cu\/portal20142020\/wp-json\/wp\/v2\/tags?post=8482"}],"curies":[{"name":"wp","href":"https:\/\/api.w.org\/{rel}","templated":true}]}}