{"id":13045,"date":"2021-01-06T13:22:20","date_gmt":"2021-01-06T13:22:20","guid":{"rendered":"http:\/\/contenidosportal.sld.cu\/portal20142020\/?p=5952"},"modified":"2021-01-06T13:22:20","modified_gmt":"2021-01-06T13:22:20","slug":"nuevos-precios-de-productos-que-se-comercializan-en-farmacias-servicios-opticos-y","status":"publish","type":"post","link":"https:\/\/contenidosportal.sld.cu\/portal20142020\/2021\/01\/06\/nuevos-precios-de-productos-que-se-comercializan-en-farmacias-servicios-opticos-y\/","title":{"rendered":"Nuevos precios de productos que se comercializan en farmacias, servicios \u00f3pticos y auditivos, ortopedia t\u00e9cnica y estomatol\u00f3gicos"},"content":{"rendered":"<div class=\"item-node\">\n<p>Como parte de la Tarea Ordenamiento, el <a href=\"https:\/\/salud.msp.gob.cu\" target=\"_blank\" rel=\"noopener\">Ministerio de Salud P&uacute;blica (Minsap)<\/a> dio a conocer el listado de precios de venta a la poblaci&oacute;n de los medicamentos, productos naturales, los gastables e insumos m&eacute;dicos y otros productos que se comercializan en la red de farmacias comunitarias, servicios &oacute;pticos y auditivos, as&iacute; como de ortopedia t&eacute;cnica y estomatol&oacute;gicos.<\/p>\n<p><strong><a href=\"http:\/\/files.sld.cu\/editorhome\/files\/2021\/01\/Nuevos-precios-medicamentos.pdf\" target=\"_blank\" rel=\"noopener\">Consulte el listado completo. <\/a><\/strong><br \/>\n(tomado de Granma).<\/p>\n<p>&nbsp;<\/p>\n<p>&nbsp;<\/p>\n<\/div>\n<div class=\"clear\"><\/div>\n","protected":false},"excerpt":{"rendered":"<p>Como parte de la Tarea Ordenamiento, el Ministerio de Salud P&uacute;blica (Minsap) dio a conocer el listado de precios de venta a la poblaci&oacute;n de los medicamentos, productos naturales, los gastables e insumos m&eacute;dicos y otros productos que se comercializan en la red de farmacias comunitarias, servicios &oacute;pticos y auditivos, as&iacute; como de ortopedia t&eacute;cnica [&hellip;]<\/p>\n","protected":false},"author":1,"featured_media":0,"comment_status":"close","ping_status":"open","sticky":false,"template":"","format":"standard","meta":{"footnotes":""},"categories":[5],"tags":[],"class_list":["post-13045","post","type-post","status-publish","format-standard","hentry","category-noticia"],"_links":{"self":[{"href":"https:\/\/contenidosportal.sld.cu\/portal20142020\/wp-json\/wp\/v2\/posts\/13045","targetHints":{"allow":["GET"]}}],"collection":[{"href":"https:\/\/contenidosportal.sld.cu\/portal20142020\/wp-json\/wp\/v2\/posts"}],"about":[{"href":"https:\/\/contenidosportal.sld.cu\/portal20142020\/wp-json\/wp\/v2\/types\/post"}],"author":[{"embeddable":true,"href":"https:\/\/contenidosportal.sld.cu\/portal20142020\/wp-json\/wp\/v2\/users\/1"}],"replies":[{"embeddable":true,"href":"https:\/\/contenidosportal.sld.cu\/portal20142020\/wp-json\/wp\/v2\/comments?post=13045"}],"version-history":[{"count":0,"href":"https:\/\/contenidosportal.sld.cu\/portal20142020\/wp-json\/wp\/v2\/posts\/13045\/revisions"}],"wp:attachment":[{"href":"https:\/\/contenidosportal.sld.cu\/portal20142020\/wp-json\/wp\/v2\/media?parent=13045"}],"wp:term":[{"taxonomy":"category","embeddable":true,"href":"https:\/\/contenidosportal.sld.cu\/portal20142020\/wp-json\/wp\/v2\/categories?post=13045"},{"taxonomy":"post_tag","embeddable":true,"href":"https:\/\/contenidosportal.sld.cu\/portal20142020\/wp-json\/wp\/v2\/tags?post=13045"}],"curies":[{"name":"wp","href":"https:\/\/api.w.org\/{rel}","templated":true}]}}