{"id":12448,"date":"2018-12-06T12:54:24","date_gmt":"2018-12-06T12:54:24","guid":{"rendered":"http:\/\/contenidosportal.sld.cu\/portal20142020\/?p=3662"},"modified":"2018-12-06T12:54:24","modified_gmt":"2018-12-06T12:54:24","slug":"ojala-que-un-dia-se-inunde-brasil-del-medico-de-la-familia","status":"publish","type":"post","link":"https:\/\/contenidosportal.sld.cu\/portal20142020\/2018\/12\/06\/ojala-que-un-dia-se-inunde-brasil-del-medico-de-la-familia\/","title":{"rendered":"\u201cOjal\u00e1 que un d\u00eda se inunde Brasil del m\u00e9dico de la familia\u201d"},"content":{"rendered":"<div class=\"item-node\">\n<p>&ldquo;Ojal&aacute; que un d&iacute;a se inunde Brasil del m&eacute;dico de la familia&rdquo;, as&iacute; dej&oacute; escrito el Comandante en Jefe Fidel Castro en el libro de visitas del m&oacute;dulo de atenci&oacute;n de salud &ldquo;Jes&uacute;s Montan&eacute;&rdquo;, que inaugurara en 1999 en Niter&oacute;i, estado de R&iacute;o de Janeiro, en el contexto de las actividades que desarroll&oacute; en el gigante sudamericano a prop&oacute;sito de la I Cumbre Am&eacute;rica Latina y El Caribe-Uni&oacute;n Europea.<\/p>\n<p>All&iacute; el l&iacute;der cubano recibi&oacute; una inyecci&oacute;n de aliento y amor, como &eacute;l mismo calificara aquel encuentro con el pueblo, que sali&oacute; a las calles del municipio para conocer al hombre en el que se expresaba toda Cuba y agradecer el aporte de la Isla en materia de medicina familiar y comunitaria, modelo que ven&iacute;an implementando desde 1992, inspirados en el programa cubano del m&eacute;dico y la enfermera de la familia.<\/p>\n<p>Las informaciones y rese&ntilde;as period&iacute;sticas que guardaron para la historia aquella visita, ratifican el incansable anhelo de Fidel por mejorar la salud de los pueblos. En el intercambio con vecinos, m&eacute;dicos y autoridades de la ciudad, reiter&oacute; la disposici&oacute;n de la mayor de las Antillas a aportar su personal m&eacute;dico para disminuir las cifras de mortalidad infantil en el mundo y encomi&oacute; el desempe&ntilde;o de los profesionales cubanos de la salud que, como hoy, prestaban entonces sus servicios en numerosos pa&iacute;ses.<\/p>\n<p>En Niter&oacute;i crec&iacute;a para Brasil la semilla solidaria de la colaboraci&oacute;n en salud de Cuba, desde donde tambi&eacute;n llegar&iacute;an, poco m&aacute;s de una d&eacute;cada despu&eacute;s, miles de batas blancas a cada rinc&oacute;n de su geograf&iacute;a como parte del Programa M&aacute;sM&eacute;dicos.<\/p>\n<p>A las favelas y hasta los m&aacute;s rec&oacute;nditos parajes de la Amazon&iacute;a, lleg&oacute; la medicina cubana. Se cumpl&iacute;a el deseo de Fidel: Brasil se inund&oacute; de m&eacute;dicos de familia.<\/p>\n<\/div>\n<div class=\"clear\"><\/div>\n","protected":false},"excerpt":{"rendered":"<p>&ldquo;Ojal&aacute; que un d&iacute;a se inunde Brasil del m&eacute;dico de la familia&rdquo;, as&iacute; dej&oacute; escrito el Comandante en Jefe Fidel Castro en el libro de visitas del m&oacute;dulo de atenci&oacute;n de salud &ldquo;Jes&uacute;s Montan&eacute;&rdquo;, que inaugurara en 1999 en Niter&oacute;i, estado de R&iacute;o de Janeiro, en el contexto de las actividades que desarroll&oacute; en el [&hellip;]<\/p>\n","protected":false},"author":1,"featured_media":0,"comment_status":"close","ping_status":"open","sticky":false,"template":"","format":"standard","meta":{"footnotes":""},"categories":[5],"tags":[],"class_list":["post-12448","post","type-post","status-publish","format-standard","hentry","category-noticia"],"_links":{"self":[{"href":"https:\/\/contenidosportal.sld.cu\/portal20142020\/wp-json\/wp\/v2\/posts\/12448","targetHints":{"allow":["GET"]}}],"collection":[{"href":"https:\/\/contenidosportal.sld.cu\/portal20142020\/wp-json\/wp\/v2\/posts"}],"about":[{"href":"https:\/\/contenidosportal.sld.cu\/portal20142020\/wp-json\/wp\/v2\/types\/post"}],"author":[{"embeddable":true,"href":"https:\/\/contenidosportal.sld.cu\/portal20142020\/wp-json\/wp\/v2\/users\/1"}],"replies":[{"embeddable":true,"href":"https:\/\/contenidosportal.sld.cu\/portal20142020\/wp-json\/wp\/v2\/comments?post=12448"}],"version-history":[{"count":0,"href":"https:\/\/contenidosportal.sld.cu\/portal20142020\/wp-json\/wp\/v2\/posts\/12448\/revisions"}],"wp:attachment":[{"href":"https:\/\/contenidosportal.sld.cu\/portal20142020\/wp-json\/wp\/v2\/media?parent=12448"}],"wp:term":[{"taxonomy":"category","embeddable":true,"href":"https:\/\/contenidosportal.sld.cu\/portal20142020\/wp-json\/wp\/v2\/categories?post=12448"},{"taxonomy":"post_tag","embeddable":true,"href":"https:\/\/contenidosportal.sld.cu\/portal20142020\/wp-json\/wp\/v2\/tags?post=12448"}],"curies":[{"name":"wp","href":"https:\/\/api.w.org\/{rel}","templated":true}]}}