{"id":12440,"date":"2018-11-20T11:58:22","date_gmt":"2018-11-20T11:58:22","guid":{"rendered":"http:\/\/contenidosportal.sld.cu\/portal20142020\/?p=3607"},"modified":"2018-11-20T11:58:22","modified_gmt":"2018-11-20T11:58:22","slug":"cuba-no-hace-politica-con-la-salud-de-ningun-pueblo-ministro-de-salud-publica","status":"publish","type":"post","link":"https:\/\/contenidosportal.sld.cu\/portal20142020\/2018\/11\/20\/cuba-no-hace-politica-con-la-salud-de-ningun-pueblo-ministro-de-salud-publica\/","title":{"rendered":"Cuba no hace pol\u00edtica con la salud de ning\u00fan pueblo. Ministro de Salud P\u00fablica"},"content":{"rendered":"<div class=\"item-node\">\n<p>Cuba tom&oacute; una decisi&oacute;n &ldquo;dolorosa, pero necesaria&rdquo; al concluir su participaci&oacute;n en el programa <em>M&aacute;s M&eacute;dicos<\/em> de Brasil, asegura en entrevista con Cubadebate el Ministro de Salud P&uacute;blica, Jos&eacute; Angel Portal Miranda.<\/p>\n<p>Nuestro pa&iacute;s no busc&oacute; la situaci&oacute;n actual, pero act&uacute;a &ldquo;en defensa de <a href=\"http:\/\/www.cubadebate.cu\/especiales\/2018\/11\/19\/carta-abierta-de-un-medico-cubano-a-jair-bolsonaro\/#.W_Nb0ehKjIU\" target=\"_blank\" rel=\"noopener\">la dignidad profesional y humana de nuestros colaboradores<\/a> y de su seguridad&rdquo;, a&ntilde;adi&oacute;.<\/p>\n<p>Jair Bolsonaro mantuvo una postura agresiva contra <em>M&aacute;s M&eacute;dicos<\/em> y la participaci&oacute;n de Cuba desde sus inicios en el a&ntilde;o 2013. Una vez electo como presidente, hizo referencias directas, despectivas y amenazantes a la presencia de los m&eacute;dicos cubanos, reiterando que modificar&iacute;a los t&eacute;rminos y condiciones del programa.<\/p>\n<p>Ante ese escenario, el Ministerio de Salud P&uacute;blica (MINSAP) <a href=\"http:\/\/www.cubadebate.cu\/noticias\/2018\/11\/14\/declaracion-del-minsap-cuba-no-continuara-participando-en-el-programa-mas-medicos\/#.W_NbtehKjIU\" target=\"_blank\" rel=\"noopener\">decidi&oacute; poner fin a su participaci&oacute;n en el programa <em>M&aacute;s M&eacute;dicos<\/em><\/a>, en el que m&aacute;s de 20 mil profesionales de la salud cubanos brindaron atenci&oacute;n a millones de brasile&ntilde;os en zonas pobres y apartadas geogr&aacute;ficamente.<\/p>\n<p><strong>-&iquest;Qu&eacute; elementos se tomaron en cuenta para concluir la participaci&oacute;n cubana en <em>M&aacute;s M&eacute;dicos<\/em>? &iquest;Qu&eacute; responder&iacute;a a quienes consideran que quiz&aacute;s hubo precipitaci&oacute;n?<\/strong><\/p>\n<p>Nada de lo que se ha hecho hasta este momento es precipitado. Entendemos perfectamente que la decisi&oacute;n tiene un impacto en el pueblo brasile&ntilde;o. A diferencia de otros, siempre hemos considerado la atenci&oacute;n de salud como un asunto de m&aacute;xima prioridad, m&aacute;s all&aacute; de cualquier consideraci&oacute;n de &iacute;ndole pol&iacute;tica.<\/p>\n<p>Hemos tomado una decisi&oacute;n dolorosa, pero necesaria, en defensa de la dignidad profesional y humana de nuestros colaboradores y de su seguridad. Desde hace meses damos seguimiento a los pronunciamientos amenazantes y provocadores del presidente electo, los que ratific&oacute; al d&iacute;a siguiente de confirmarse su elecci&oacute;n.<\/p>\n<p><a href=\"http:\/\/www.cubadebate.cu\/especiales\/2018\/11\/20\/minsap-cuba-no-hace-politica-con-la-salud-de-ningun-pueblo-video\/\" target=\"_blank\" rel=\"noopener\">Vea toda la entrevista<\/a>.<\/p>\n<\/div>\n<div class=\"clear\"><\/div>\n","protected":false},"excerpt":{"rendered":"<p>Cuba tom&oacute; una decisi&oacute;n &ldquo;dolorosa, pero necesaria&rdquo; al concluir su participaci&oacute;n en el programa M&aacute;s M&eacute;dicos de Brasil, asegura en entrevista con Cubadebate el Ministro de Salud P&uacute;blica, Jos&eacute; Angel Portal Miranda. Nuestro pa&iacute;s no busc&oacute; la situaci&oacute;n actual, pero act&uacute;a &ldquo;en defensa de la dignidad profesional y humana de nuestros colaboradores y de su [&hellip;]<\/p>\n","protected":false},"author":1,"featured_media":0,"comment_status":"close","ping_status":"open","sticky":false,"template":"","format":"standard","meta":{"footnotes":""},"categories":[5],"tags":[],"class_list":["post-12440","post","type-post","status-publish","format-standard","hentry","category-noticia"],"_links":{"self":[{"href":"https:\/\/contenidosportal.sld.cu\/portal20142020\/wp-json\/wp\/v2\/posts\/12440","targetHints":{"allow":["GET"]}}],"collection":[{"href":"https:\/\/contenidosportal.sld.cu\/portal20142020\/wp-json\/wp\/v2\/posts"}],"about":[{"href":"https:\/\/contenidosportal.sld.cu\/portal20142020\/wp-json\/wp\/v2\/types\/post"}],"author":[{"embeddable":true,"href":"https:\/\/contenidosportal.sld.cu\/portal20142020\/wp-json\/wp\/v2\/users\/1"}],"replies":[{"embeddable":true,"href":"https:\/\/contenidosportal.sld.cu\/portal20142020\/wp-json\/wp\/v2\/comments?post=12440"}],"version-history":[{"count":0,"href":"https:\/\/contenidosportal.sld.cu\/portal20142020\/wp-json\/wp\/v2\/posts\/12440\/revisions"}],"wp:attachment":[{"href":"https:\/\/contenidosportal.sld.cu\/portal20142020\/wp-json\/wp\/v2\/media?parent=12440"}],"wp:term":[{"taxonomy":"category","embeddable":true,"href":"https:\/\/contenidosportal.sld.cu\/portal20142020\/wp-json\/wp\/v2\/categories?post=12440"},{"taxonomy":"post_tag","embeddable":true,"href":"https:\/\/contenidosportal.sld.cu\/portal20142020\/wp-json\/wp\/v2\/tags?post=12440"}],"curies":[{"name":"wp","href":"https:\/\/api.w.org\/{rel}","templated":true}]}}