{"id":12387,"date":"2018-09-09T15:34:31","date_gmt":"2018-09-09T15:34:31","guid":{"rendered":"http:\/\/contenidosportal.sld.cu\/portal20142020\/?p=3393"},"modified":"2018-09-09T15:34:31","modified_gmt":"2018-09-09T15:34:31","slug":"maylen-diaz-almaguer-unica-sobreviviente-del-accidente-aereo-ocurrido-el-18-de-ma","status":"publish","type":"post","link":"https:\/\/contenidosportal.sld.cu\/portal20142020\/2018\/09\/09\/maylen-diaz-almaguer-unica-sobreviviente-del-accidente-aereo-ocurrido-el-18-de-ma\/","title":{"rendered":"Nuevo parte m\u00e9dico de Mayl\u00e9n D\u00edaz Almaguer"},"content":{"rendered":"<div class=\"item-node\">\n<p><a href=\"http:\/\/www.radiorebelde.cu\/noticia\/el-sindrome-mailen-legado-amor-dedicacion-20180819\/\" target=\"_blank\" rel=\"noopener\">Mayl&eacute;n D&iacute;az Almaguer<\/a>, &uacute;nica sobreviviente del accidente a&eacute;reo ocurrido el 18 de mayo en La Habana, contin&uacute;a recibiendo tratamiento y rehabilitaci&oacute;n neurol&oacute;gica y de la mec&aacute;nica respiratoria en el capitalino hospital Hermanos Ameijeiras.<\/p>\n<p>El parte m&eacute;dico ofrecido a la Agencia Cubana de Noticias por el Grupo Multidisciplinario que la atiende, refiere que la paciente, durante la presente semana, ha padecido de un nuevo evento de infecci&oacute;n y se tratan situaciones asociadas a las secuelas del trauma complejo que sufri&oacute; y la disfunci&oacute;n renal que presenta.<\/p>\n<p>Adem&aacute;s, se mantienen las medidas de rehabilitaci&oacute;n neurol&oacute;gica y de la mec&aacute;nica respiratoria, as&iacute; como tambi&eacute;n se contin&uacute;a el tratamiento de las lesiones de partes blandas, indica la fuente.<\/p>\n<p>El Grupo Multidisciplinario inform&oacute;, adem&aacute;s, que se mantienen las estrategias de alimentaci&oacute;n y nutrici&oacute;n por la v&iacute;a enteral a Mayl&eacute;n, quien presenta un buen estado an&iacute;mico y nivel de cooperaci&oacute;n con el tratamiento m&eacute;dico y sus familiares adecuado.<\/p>\n<p>Desde el primero de agosto, la joven de 19 a&ntilde;os de edad, es atendida de forma intensiva por un grupo multidisciplinario del Centro hospitalario, con la incorporaci&oacute;n de especialistas de otras instituciones.<\/p>\n<\/div>\n<div class=\"clear\"><\/div>\n","protected":false},"excerpt":{"rendered":"<p>Mayl&eacute;n D&iacute;az Almaguer, &uacute;nica sobreviviente del accidente a&eacute;reo ocurrido el 18 de mayo en La Habana, contin&uacute;a recibiendo tratamiento y rehabilitaci&oacute;n neurol&oacute;gica y de la mec&aacute;nica respiratoria en el capitalino hospital Hermanos Ameijeiras. El parte m&eacute;dico ofrecido a la Agencia Cubana de Noticias por el Grupo Multidisciplinario que la atiende, refiere que la paciente, durante [&hellip;]<\/p>\n","protected":false},"author":1,"featured_media":0,"comment_status":"close","ping_status":"open","sticky":false,"template":"","format":"standard","meta":{"footnotes":""},"categories":[5],"tags":[],"class_list":["post-12387","post","type-post","status-publish","format-standard","hentry","category-noticia"],"_links":{"self":[{"href":"https:\/\/contenidosportal.sld.cu\/portal20142020\/wp-json\/wp\/v2\/posts\/12387","targetHints":{"allow":["GET"]}}],"collection":[{"href":"https:\/\/contenidosportal.sld.cu\/portal20142020\/wp-json\/wp\/v2\/posts"}],"about":[{"href":"https:\/\/contenidosportal.sld.cu\/portal20142020\/wp-json\/wp\/v2\/types\/post"}],"author":[{"embeddable":true,"href":"https:\/\/contenidosportal.sld.cu\/portal20142020\/wp-json\/wp\/v2\/users\/1"}],"replies":[{"embeddable":true,"href":"https:\/\/contenidosportal.sld.cu\/portal20142020\/wp-json\/wp\/v2\/comments?post=12387"}],"version-history":[{"count":0,"href":"https:\/\/contenidosportal.sld.cu\/portal20142020\/wp-json\/wp\/v2\/posts\/12387\/revisions"}],"wp:attachment":[{"href":"https:\/\/contenidosportal.sld.cu\/portal20142020\/wp-json\/wp\/v2\/media?parent=12387"}],"wp:term":[{"taxonomy":"category","embeddable":true,"href":"https:\/\/contenidosportal.sld.cu\/portal20142020\/wp-json\/wp\/v2\/categories?post=12387"},{"taxonomy":"post_tag","embeddable":true,"href":"https:\/\/contenidosportal.sld.cu\/portal20142020\/wp-json\/wp\/v2\/tags?post=12387"}],"curies":[{"name":"wp","href":"https:\/\/api.w.org\/{rel}","templated":true}]}}