{"id":12283,"date":"2018-05-26T11:45:10","date_gmt":"2018-05-26T11:45:10","guid":{"rendered":"http:\/\/contenidosportal.sld.cu\/portal20142020\/?p=3162"},"modified":"2018-05-26T11:45:10","modified_gmt":"2018-05-26T11:45:10","slug":"celebrada-en-santiago-de-cuba-xi-jornada-cientifica-provincial-y-ii-jornada-cient","status":"publish","type":"post","link":"https:\/\/contenidosportal.sld.cu\/portal20142020\/2018\/05\/26\/celebrada-en-santiago-de-cuba-xi-jornada-cientifica-provincial-y-ii-jornada-cient\/","title":{"rendered":"Celebrada en Santiago de Cuba XI Jornada cient\u00edfica provincial y II Jornada cient\u00edfica territorial de los servicios m\u00e9dicos del Ministerio del Interior"},"content":{"rendered":"<div class=\"item-node\">\n<p class=\"rtejustify\">Santiago de Cuba, ciudad rica en tradiciones e historia y definida como rebelde ayer, hospitalaria hoy y heroica siempre, se complace ha realizado la XI Jornada cient&iacute;fica provincial y II Jornada cient&iacute;fica territorial de los servicios m&eacute;dicos del MININT&nbsp; 25 y 26 del mes de mayo del 2018.<\/p>\n<p class=\"rtejustify\">En esta oportunidad se ha dedicado al 144 aniversario de la protesta de Baragu&aacute;, al 60 de la creaci&oacute;n del II Y III Frente Oriental, al 65 aniversario de los asaltos a los cuarteles Moncada y Carlos Manuel de C&eacute;spedes, al 60 Aniversario del triunfo de la Revoluci&oacute;n y al 57 aniversario de la fundaci&oacute;n del Ministerio del Interior.<\/p>\n<p class=\"rtejustify\">Estos momentos han constituido un excelente espacio para favorecer el intercambio de experiencias, contribuir a la formaci&oacute;n de nuestros profesionales, exponer los principales resultados investigativos del periodo, y elevar la calidad en nuestros servicios.&nbsp;<\/p>\n<p class=\"rtejustify\">La tem&aacute;tica central del evento ha sido la medicina penitenciaria y los programas priorizados de la atenci&oacute;n primaria de salud y la atenci&oacute;n secundaria en nuestro &aacute;mbito, lo que abarc&oacute; asuntos relacionados con las enfermedades cr&oacute;nicas no transmisibles, enfermedades infecciosas, la medicina natural y tradicional, el programa de salud mental, la drogadicci&oacute;n, la atenci&oacute;n integral al ni&ntilde;o, al adolescente, a la mujer y al adulto mayor, la atenci&oacute;n estomatol&oacute;gica integral, formaci&oacute;n y superaci&oacute;n de los recursos humanos en salud, formaci&oacute;n de valores, gerencia en salud y dem&aacute;s esferas relacionadas a nuestros servicios.<\/p>\n<p class=\"rtejustify\"><strong>BASES GENERALES DEL EVENTO:<\/strong><\/p>\n<ul>\n<li class=\"rtejustify\">Tem&aacute;ticas de investigaci&oacute;n: Las tem&aacute;ticas que se abordaron en todos los casos estuvo vinculada al &aacute;mbito de la Medicina penitenciaria.<\/li>\n<\/ul>\n<ul>\n<li class=\"rtejustify\">Medicina natural y tradicional.<\/li>\n<li class=\"rtejustify\">Enfermedades cr&oacute;nicas no transmisibles.<\/li>\n<li class=\"rtejustify\">Enfermedades trasmisibles.<\/li>\n<li class=\"rtejustify\">Atenci&oacute;n estomatol&oacute;gica integral.<\/li>\n<li class=\"rtejustify\">Atenci&oacute;n integral al adulto mayor.<\/li>\n<li class=\"rtejustify\">Atenci&oacute;n integral al ni&ntilde;o.<\/li>\n<li class=\"rtejustify\">Atenci&oacute;n integral a la mujer.<\/li>\n<li class=\"rtejustify\">Salud mental.<\/li>\n<li class=\"rtejustify\">Formaci&oacute;n y superaci&oacute;n de los recursos humanos en salud.<\/li>\n<li class=\"rtejustify\">Formaci&oacute;n de valores.<\/li>\n<li class=\"rtejustify\">Gerencia en salud.<\/li>\n<\/ul>\n<ul>\n<li class=\"rtejustify\">Las modalidades de presentaci&oacute;n fueron:<\/li>\n<\/ul>\n<ul>\n<li class=\"rtejustify\">Poster impreso.<\/li>\n<li class=\"rtejustify\">Poster digital.<\/li>\n<li class=\"rtejustify\">Temas Libres.<\/li>\n<li class=\"rtejustify\">Mesa redonda.<\/li>\n<li class=\"rtejustify\">Conferencia.<\/li>\n<\/ul>\n<\/div>\n<div class=\"clear\"><\/div>\n","protected":false},"excerpt":{"rendered":"<p>Santiago de Cuba, ciudad rica en tradiciones e historia y definida como rebelde ayer, hospitalaria hoy y heroica siempre, se complace ha realizado la XI Jornada cient&iacute;fica provincial y II Jornada cient&iacute;fica territorial de los servicios m&eacute;dicos del MININT&nbsp; 25 y 26 del mes de mayo del 2018. En esta oportunidad se ha dedicado al [&hellip;]<\/p>\n","protected":false},"author":1,"featured_media":0,"comment_status":"close","ping_status":"open","sticky":false,"template":"","format":"standard","meta":{"footnotes":""},"categories":[5],"tags":[],"class_list":["post-12283","post","type-post","status-publish","format-standard","hentry","category-noticia"],"_links":{"self":[{"href":"https:\/\/contenidosportal.sld.cu\/portal20142020\/wp-json\/wp\/v2\/posts\/12283","targetHints":{"allow":["GET"]}}],"collection":[{"href":"https:\/\/contenidosportal.sld.cu\/portal20142020\/wp-json\/wp\/v2\/posts"}],"about":[{"href":"https:\/\/contenidosportal.sld.cu\/portal20142020\/wp-json\/wp\/v2\/types\/post"}],"author":[{"embeddable":true,"href":"https:\/\/contenidosportal.sld.cu\/portal20142020\/wp-json\/wp\/v2\/users\/1"}],"replies":[{"embeddable":true,"href":"https:\/\/contenidosportal.sld.cu\/portal20142020\/wp-json\/wp\/v2\/comments?post=12283"}],"version-history":[{"count":0,"href":"https:\/\/contenidosportal.sld.cu\/portal20142020\/wp-json\/wp\/v2\/posts\/12283\/revisions"}],"wp:attachment":[{"href":"https:\/\/contenidosportal.sld.cu\/portal20142020\/wp-json\/wp\/v2\/media?parent=12283"}],"wp:term":[{"taxonomy":"category","embeddable":true,"href":"https:\/\/contenidosportal.sld.cu\/portal20142020\/wp-json\/wp\/v2\/categories?post=12283"},{"taxonomy":"post_tag","embeddable":true,"href":"https:\/\/contenidosportal.sld.cu\/portal20142020\/wp-json\/wp\/v2\/tags?post=12283"}],"curies":[{"name":"wp","href":"https:\/\/api.w.org\/{rel}","templated":true}]}}