{"id":12258,"date":"2018-05-11T08:34:55","date_gmt":"2018-05-11T08:34:55","guid":{"rendered":"http:\/\/contenidosportal.sld.cu\/portal20142020\/?p=3109"},"modified":"2018-05-11T08:34:55","modified_gmt":"2018-05-11T08:34:55","slug":"reunion-nacional-de-directores-de-centros-provinciales-de-informacion-de-ciencias-4","status":"publish","type":"post","link":"https:\/\/contenidosportal.sld.cu\/portal20142020\/2018\/05\/11\/reunion-nacional-de-directores-de-centros-provinciales-de-informacion-de-ciencias-4\/","title":{"rendered":"Reuni\u00f3n nacional de Directores de Centros Provinciales de Informaci\u00f3n de Ciencias M\u00e9dicas"},"content":{"rendered":"<div class=\"item-node\">\n<p>La primera Reuni&oacute;n nacional de Directores de Centros Provinciales de Informaci&oacute;n de Ciencias M&eacute;dicas correspondiente al presente a&ntilde;o se efectuar&aacute; del 15 al 17 de mayo en instalaciones de la <a href=\"http:\/\/instituciones.sld.cu\/ucmh\/about\/bienvenidos\/\">Universidad de Ciencias M&eacute;dicas de La Habana<\/a>.<\/p>\n<p>En esta oportunidad, la cita tiene como objetivo fortalecer los procesos de formaci&oacute;n, investigaci&oacute;n y publicaci&oacute;n, por lo que forman parte de la agenda la integraci&oacute;n del Sistema Nacional de Informaci&oacute;n Cient&iacute;fica en Salud y las pol&iacute;ticas para el desarrollo de la publicaci&oacute;n en esta &aacute;rea del conocimiento.<\/p>\n<p>Los directivos provinciales tambi&eacute;n se pondr&aacute;n al d&iacute;a sobre el estado actual de proceso de registro de los sitios web de la red Infomed, procedimientos para la indizaci&oacute;n en Lilacs y Cumed, el repositorio de tesis de la <a href=\"http:\/\/www.bvscuba.sld.cu\/\">Biblioteca Virtual de Salud de Cuba<\/a> (BVS-Cuba) y el proyecto de digitalizaci&oacute;n en la <a href=\"http:\/\/www.bmns.sld.cu\/\">Biblioteca M&eacute;dica Nacional<\/a>.&nbsp;&nbsp;<\/p>\n<p>La agenda propone adem&aacute;s un recorrido y presentaci&oacute;n de los principales servicios del Centro Provincial de Informaci&oacute;n en Ciencias M&eacute;dicas en la Facultad Dr. Salvador Allende, as&iacute; como visitas a instituciones de la red de bibliotecas en la capital.<\/p>\n<p>La pr&oacute;xima reuni&oacute;n se efectuar&aacute; en el mes de noviembre de 2018.&nbsp;<\/p>\n<\/div>\n<div class=\"clear\"><\/div>\n","protected":false},"excerpt":{"rendered":"<p>La primera Reuni&oacute;n nacional de Directores de Centros Provinciales de Informaci&oacute;n de Ciencias M&eacute;dicas correspondiente al presente a&ntilde;o se efectuar&aacute; del 15 al 17 de mayo en instalaciones de la Universidad de Ciencias M&eacute;dicas de La Habana. En esta oportunidad, la cita tiene como objetivo fortalecer los procesos de formaci&oacute;n, investigaci&oacute;n y publicaci&oacute;n, por lo [&hellip;]<\/p>\n","protected":false},"author":1,"featured_media":0,"comment_status":"close","ping_status":"open","sticky":false,"template":"","format":"standard","meta":{"footnotes":""},"categories":[5],"tags":[],"class_list":["post-12258","post","type-post","status-publish","format-standard","hentry","category-noticia"],"_links":{"self":[{"href":"https:\/\/contenidosportal.sld.cu\/portal20142020\/wp-json\/wp\/v2\/posts\/12258","targetHints":{"allow":["GET"]}}],"collection":[{"href":"https:\/\/contenidosportal.sld.cu\/portal20142020\/wp-json\/wp\/v2\/posts"}],"about":[{"href":"https:\/\/contenidosportal.sld.cu\/portal20142020\/wp-json\/wp\/v2\/types\/post"}],"author":[{"embeddable":true,"href":"https:\/\/contenidosportal.sld.cu\/portal20142020\/wp-json\/wp\/v2\/users\/1"}],"replies":[{"embeddable":true,"href":"https:\/\/contenidosportal.sld.cu\/portal20142020\/wp-json\/wp\/v2\/comments?post=12258"}],"version-history":[{"count":0,"href":"https:\/\/contenidosportal.sld.cu\/portal20142020\/wp-json\/wp\/v2\/posts\/12258\/revisions"}],"wp:attachment":[{"href":"https:\/\/contenidosportal.sld.cu\/portal20142020\/wp-json\/wp\/v2\/media?parent=12258"}],"wp:term":[{"taxonomy":"category","embeddable":true,"href":"https:\/\/contenidosportal.sld.cu\/portal20142020\/wp-json\/wp\/v2\/categories?post=12258"},{"taxonomy":"post_tag","embeddable":true,"href":"https:\/\/contenidosportal.sld.cu\/portal20142020\/wp-json\/wp\/v2\/tags?post=12258"}],"curies":[{"name":"wp","href":"https:\/\/api.w.org\/{rel}","templated":true}]}}