{"id":12244,"date":"2018-05-02T08:32:21","date_gmt":"2018-05-02T08:32:21","guid":{"rendered":"http:\/\/contenidosportal.sld.cu\/portal20142020\/?p=3077"},"modified":"2018-05-02T08:32:21","modified_gmt":"2018-05-02T08:32:21","slug":"47-aniversario-del-centro-provincial-de-informacion-de-ciencias-medicas-de-pinar","status":"publish","type":"post","link":"https:\/\/contenidosportal.sld.cu\/portal20142020\/2018\/05\/02\/47-aniversario-del-centro-provincial-de-informacion-de-ciencias-medicas-de-pinar\/","title":{"rendered":"47 aniversario del Centro Provincial de Informaci\u00f3n de Ciencias M\u00e9dicas de Pinar del R\u00edo"},"content":{"rendered":"<div class=\"item-node\">\n<p>Este 2 de mayo de 2018 el <a href=\"http:\/\/www.pri.sld.cu\/\" target=\"_blank\" rel=\"noopener\">Centro Provincial de Informaci&oacute;n de Ciencias M&eacute;dicas de Pinar del R&iacute;o<\/a> cumple 47 a&ntilde;os. Es un momento imprescindible para comprender que los caminos que nos han conducido hasta el d&iacute;a de hoy han estado marcados por el esmero que pone todo un colectivo en el ejercicio de sus funciones.<\/p>\n<p>Aspiramos a&nbsp; que estas&nbsp; peque&ntilde;as l&iacute;neas sirvan para expresar nuestra m&aacute;s profunda gratitud a todas aquellas personas e instituciones que han colaborado, directa o indirectamente con nosotros en la adquisici&oacute;n&nbsp; de conocimientos y experiencia profesional.<\/p>\n<p>Estos 47 a&ntilde;os nos plantean la posibilidad de recuperar el sentido de pertenencia y encaminar los servicios que prestamos, con la mejor calidad posible, a la comunidad de profesionales, t&eacute;cnicos, dirigentes, al resto del personal de la salud y a otros usuarios que los soliciten. Estamos convencidos de que el factor humano es un uno de los elementos fundamentales que nos distingue.<\/p>\n<p>En todos estos a&ntilde;os hemos pasado de ser un Centro Provincial de Informaci&oacute;n incipiente, a ser reconocidos dentro de los servicios de las Ciencias de la Salud. Este reconocimiento ha sido posible gracias a la especializaci&oacute;n en el &aacute;mbito de las Tecnolog&iacute;as de la Informaci&oacute;n y las Comunicaciones; la producci&oacute;n que logremos alcanzar sentar&aacute; las bases para adquirir la excelencia en los servicios que prestamos, respaldando as&iacute; la labor docente e investigativa de los profesionales y t&eacute;cnicos de la salud en la provincia.<\/p>\n<p>El paso del tiempo es un espacio entre nuestros recuerdos, rendimos homenaje a quienes nos antecedieron, comprendemos el valor su trabajo, nos hacemos merecedores de su legado y de la transmisi&oacute;n de conocimientos: que la impronta de ellos nos gu&iacute;e para concentrarnos en iniciativas emprendedoras y avanzar en nuestro empe&ntilde;o de hacer de los servicios que proporcionamos, un ejemplo a seguir.<\/p>\n<p>Nos identifica la red de personas e instituciones para quienes trabajamos y colaboramos, facilit&aacute;ndoles el acceso a la informaci&oacute;n y al conocimiento.<\/p>\n<p>Formemos a partir del diario cumplimento de nuestro deber, una cultura laboral que nos fortalezca como instituci&oacute;n, trabajemos unidos.<\/p>\n<p>Felicidades a todo el colectivo laboral del CPICM-PR y a la Red de Bibliotecas de Salud de la provincia.<\/p>\n<\/div>\n<div class=\"clear\"><\/div>\n","protected":false},"excerpt":{"rendered":"<p>Este 2 de mayo de 2018 el Centro Provincial de Informaci&oacute;n de Ciencias M&eacute;dicas de Pinar del R&iacute;o cumple 47 a&ntilde;os. Es un momento imprescindible para comprender que los caminos que nos han conducido hasta el d&iacute;a de hoy han estado marcados por el esmero que pone todo un colectivo en el ejercicio de sus [&hellip;]<\/p>\n","protected":false},"author":1,"featured_media":0,"comment_status":"close","ping_status":"open","sticky":false,"template":"","format":"standard","meta":{"footnotes":""},"categories":[5],"tags":[],"class_list":["post-12244","post","type-post","status-publish","format-standard","hentry","category-noticia"],"_links":{"self":[{"href":"https:\/\/contenidosportal.sld.cu\/portal20142020\/wp-json\/wp\/v2\/posts\/12244","targetHints":{"allow":["GET"]}}],"collection":[{"href":"https:\/\/contenidosportal.sld.cu\/portal20142020\/wp-json\/wp\/v2\/posts"}],"about":[{"href":"https:\/\/contenidosportal.sld.cu\/portal20142020\/wp-json\/wp\/v2\/types\/post"}],"author":[{"embeddable":true,"href":"https:\/\/contenidosportal.sld.cu\/portal20142020\/wp-json\/wp\/v2\/users\/1"}],"replies":[{"embeddable":true,"href":"https:\/\/contenidosportal.sld.cu\/portal20142020\/wp-json\/wp\/v2\/comments?post=12244"}],"version-history":[{"count":0,"href":"https:\/\/contenidosportal.sld.cu\/portal20142020\/wp-json\/wp\/v2\/posts\/12244\/revisions"}],"wp:attachment":[{"href":"https:\/\/contenidosportal.sld.cu\/portal20142020\/wp-json\/wp\/v2\/media?parent=12244"}],"wp:term":[{"taxonomy":"category","embeddable":true,"href":"https:\/\/contenidosportal.sld.cu\/portal20142020\/wp-json\/wp\/v2\/categories?post=12244"},{"taxonomy":"post_tag","embeddable":true,"href":"https:\/\/contenidosportal.sld.cu\/portal20142020\/wp-json\/wp\/v2\/tags?post=12244"}],"curies":[{"name":"wp","href":"https:\/\/api.w.org\/{rel}","templated":true}]}}