{"id":12108,"date":"2017-12-16T09:59:45","date_gmt":"2017-12-16T09:59:45","guid":{"rendered":"http:\/\/contenidosportal.sld.cu\/portal20142020\/?p=2753"},"modified":"2017-12-16T09:59:45","modified_gmt":"2017-12-16T09:59:45","slug":"relatoria-del-v-taller-cientifico-de-violencia-de-genero-en-el-marco-de-la-jornad","status":"publish","type":"post","link":"https:\/\/contenidosportal.sld.cu\/portal20142020\/2017\/12\/16\/relatoria-del-v-taller-cientifico-de-violencia-de-genero-en-el-marco-de-la-jornad\/","title":{"rendered":"Relator\u00eda del V taller Cient\u00edfico de Violencia de G\u00e9nero en el marco de la jornada"},"content":{"rendered":"<div class=\"item-node\">\n<p>Con una conferencia magistral sobre Actualizaci&oacute;n del C&aacute;ncer de Pr&oacute;stata impartida por el Dr. Leonardo Sav&oacute;n Moir&aacute;n, Especialista de I grado en Medicina General Integral, Especialista de II grado en Urolog&iacute;a, M&aacute;ster en Urgencias M&eacute;dicas y Profesor Investigador Auxiliar, se celebr&oacute;, en la Universidad de Ciencias M&eacute;dicas de Guant&aacute;namo el d&iacute;a 16 de noviembre, el D&iacute;a Internacional del Hombre. La efem&eacute;rides celebrado por primera vez en la instituci&oacute;n, cont&oacute; con la masiva participaci&oacute;n de estudiantes de todos los a&ntilde;os de esta casa de altos estudios.<\/p>\n<p>La M&aacute;ster en Ciencias Soleida Lafourcade Benent, presidenta de la C&aacute;tedra de la Mujer, se refiri&oacute; a la preparaci&oacute;n que deben tener los estudiantes en temas sobre salud masculina, igualdad de g&eacute;neros y de esta manera cumplir con los objetivos de esta celebraci&oacute;n; adem&aacute;s de orientar a los futuros profesionales de la salud para que contribuyan a la prevenci&oacute;n de enfermedades propias del hombre.<\/p>\n<p>En la conferencia se destac&oacute; la participaci&oacute;n de los estudiantes de segundo y quinto a&ntilde;o de la carrera de medicina as&iacute; como profesores de los departamentos de Ingl&eacute;s y Cultura F&iacute;sica en la intervenci&oacute;n.<\/p>\n<p>El 30 de noviembre del 2017, a las 9:30 a.m. dio inicio la exposici&oacute;n de los trabajos, donde se presentaron un total de 77 trabajos, se expusieron 74 para un 96.10 %.<\/p>\n<p>Se debatieron en 8 salones con diferentes categor&iacute;as:<\/p>\n<p>1 de Profesores, M&eacute;dicos y Trabajadores.<\/p>\n<p>1 de Artes Pl&aacute;sticas.<\/p>\n<p>1 de Cuento.<\/p>\n<p>1 de Poes&iacute;a.<\/p>\n<p>4 de estudiantes.<\/p>\n<p>Premiaci&oacute;n de los trabajos:<\/p>\n<p>Relevante: 7, Destacado: 11 y Menci&oacute;n: 15.<\/p>\n<\/div>\n<div class=\"clear\"><\/div>\n","protected":false},"excerpt":{"rendered":"<p>Con una conferencia magistral sobre Actualizaci&oacute;n del C&aacute;ncer de Pr&oacute;stata impartida por el Dr. Leonardo Sav&oacute;n Moir&aacute;n, Especialista de I grado en Medicina General Integral, Especialista de II grado en Urolog&iacute;a, M&aacute;ster en Urgencias M&eacute;dicas y Profesor Investigador Auxiliar, se celebr&oacute;, en la Universidad de Ciencias M&eacute;dicas de Guant&aacute;namo el d&iacute;a 16 de noviembre, el [&hellip;]<\/p>\n","protected":false},"author":1,"featured_media":0,"comment_status":"close","ping_status":"open","sticky":false,"template":"","format":"standard","meta":{"footnotes":""},"categories":[5],"tags":[],"class_list":["post-12108","post","type-post","status-publish","format-standard","hentry","category-noticia"],"_links":{"self":[{"href":"https:\/\/contenidosportal.sld.cu\/portal20142020\/wp-json\/wp\/v2\/posts\/12108","targetHints":{"allow":["GET"]}}],"collection":[{"href":"https:\/\/contenidosportal.sld.cu\/portal20142020\/wp-json\/wp\/v2\/posts"}],"about":[{"href":"https:\/\/contenidosportal.sld.cu\/portal20142020\/wp-json\/wp\/v2\/types\/post"}],"author":[{"embeddable":true,"href":"https:\/\/contenidosportal.sld.cu\/portal20142020\/wp-json\/wp\/v2\/users\/1"}],"replies":[{"embeddable":true,"href":"https:\/\/contenidosportal.sld.cu\/portal20142020\/wp-json\/wp\/v2\/comments?post=12108"}],"version-history":[{"count":0,"href":"https:\/\/contenidosportal.sld.cu\/portal20142020\/wp-json\/wp\/v2\/posts\/12108\/revisions"}],"wp:attachment":[{"href":"https:\/\/contenidosportal.sld.cu\/portal20142020\/wp-json\/wp\/v2\/media?parent=12108"}],"wp:term":[{"taxonomy":"category","embeddable":true,"href":"https:\/\/contenidosportal.sld.cu\/portal20142020\/wp-json\/wp\/v2\/categories?post=12108"},{"taxonomy":"post_tag","embeddable":true,"href":"https:\/\/contenidosportal.sld.cu\/portal20142020\/wp-json\/wp\/v2\/tags?post=12108"}],"curies":[{"name":"wp","href":"https:\/\/api.w.org\/{rel}","templated":true}]}}