{"id":11974,"date":"2017-07-21T10:46:19","date_gmt":"2017-07-21T10:46:19","guid":{"rendered":"http:\/\/contenidosportal.sld.cu\/portal20142020\/?p=2443"},"modified":"2017-07-21T10:46:19","modified_gmt":"2017-07-21T10:46:19","slug":"14-685-profesionales-y-tecnicos-de-la-salud-se-graduan-en-las-diferentes-universi","status":"publish","type":"post","link":"https:\/\/contenidosportal.sld.cu\/portal20142020\/2017\/07\/21\/14-685-profesionales-y-tecnicos-de-la-salud-se-graduan-en-las-diferentes-universi\/","title":{"rendered":"14 685 profesionales y t\u00e9cnicos de la salud se grad\u00faan en las diferentes universidades de ciencias m\u00e9dicas cubanas"},"content":{"rendered":"<div class=\"item-node\">\n<p style=\"margin: 0px 0px 10px;font-size: 14px;, helvetica, arial, sans-serif;font-style: normal;font-weight: normal;letter-spacing: normal;text-align: start;text-indent: 0px;text-transform: none\">Para los 14 685 profesionales y t&eacute;cnicos de la salud que egresaron este curso de las aulas de las diferentes universidades de ciencias m&eacute;dicas cubanas, ahora es que comienza el m&aacute;s duro de los caminos. Y all&iacute;, del lado del compromiso de honrar la profesi&oacute;n m&aacute;s noble, los espera tambi&eacute;n la mejor recompensa. Esa que nace del orgullo de defender el primero de los derechos humanos: la vida.<\/p>\n<p style=\"margin: 0px 0px 10px;font-size: 14px;, helvetica, arial, sans-serif;font-style: normal;font-weight: normal;letter-spacing: normal;text-align: start;text-indent: 0px;text-transform: none\">Lo saben, por ejemplo, cada uno de los 803 nuevos profesionales de la salud egresados en cinco carreras, de la Universidad de Ciencias M&eacute;dicas de La Habana, que recibieron este jueves en el teatro Karl Marx su t&iacute;tulo de graduados en el curso escolar 2016-2017.<\/p>\n<p style=\"margin: 0px 0px 10px;font-size: 14px;, helvetica, arial, sans-serif;font-style: normal;font-weight: normal;letter-spacing: normal;text-align: start;text-indent: 0px;text-transform: none\">El acto de graduaci&oacute;n, que coincidi&oacute; con el aniversario 41 de la Constituci&oacute;n del Instituto superior de Ciencias M&eacute;dicas de La Habana, hoy Universidad de Ciencias M&eacute;dicas de La Habana, estuvo dedicado de manera especial a Fidel, al aniversario 95 de la fundaci&oacute;n de la Federaci&oacute;n Estudiantil Universitaria, y al aniversario 64 de los asaltos a los cuarteles Moncada y Carlos Manuel de C&eacute;spedes.<\/p>\n<p style=\"margin: 0px 0px 10px;font-size: 14px;, helvetica, arial, sans-serif;font-style: normal;font-weight: normal;letter-spacing: normal;text-align: start;text-indent: 0px;text-transform: none\">Gracias a &laquo;esa vocaci&oacute;n por sembrar esperanza y amor por la salud del mundo&raquo;, estudiantes nacidos en otras latitudes como el Doctor Ahmed MahmoundManssur, de nacionalidad palestina, han cumplido su deseo de convertirse en m&eacute;dicos. En su caso, fue en la Facultad de Ciencias M&eacute;dicas Salvador Allende, siete a&ntilde;os despu&eacute;s de llegar a este hermoso pa&iacute;s proveniente de Gaza, &laquo;con el sue&ntilde;o de transformar mi realidad, la de mi familia y la de mi pueblo&raquo;.<\/p>\n<p style=\"margin: 0px 0px 10px;font-size: 14px;, helvetica, arial, sans-serif;font-style: normal;font-weight: normal;letter-spacing: normal;text-align: start;text-indent: 0px;text-transform: none\">Al ser seleccionado como el mejor graduado integral de otras nacionalidades, expres&oacute; en nombre de los graduados de otros pa&iacute;ses el agradecimiento al pueblo de Cuba y a Fidel, &laquo;faro de lucha e hist&oacute;rica resistencia&raquo;, por su disposici&oacute;n a &laquo;establecer lazos de solidaridad con los pobres y oprimidos de la tierra&raquo;.<\/p>\n<p style=\"margin: 0px 0px 10px;font-size: 14px;, helvetica, arial, sans-serif;font-style: normal;font-weight: normal;letter-spacing: normal;text-align: start;text-indent: 0px;text-transform: none\">Agradeci&oacute; a Cuba el haberlos formados en la vocaci&oacute;n humanista, el compromiso y el esp&iacute;ritu internacionalista, conscientes de su papel en la sociedad; y haberlos convertido en estudiantes integrales y excelentes m&eacute;dicos de ciencia y conciencia.<\/p>\n<p style=\"margin: 0px 0px 10px;font-size: 14px;, helvetica, arial, sans-serif;font-style: normal;font-weight: normal;letter-spacing: normal;text-align: start;text-indent: 0px;text-transform: none\">Durante la ceremonia &ndash;presidida por el doctor Roberto Morales Ojeda, miembro del Bur&oacute; Pol&iacute;tico del Partido y Ministro de Salud P&uacute;blica, y a la que asistieron otros dirigentes del Partido, de la Juventud, organismos de la Administraci&oacute;n Central del Estado, directivos de instituciones de salud y centros de investigaciones de la capital, representantes de las Fuerzas Armadas Revolucionarias y del Ministerio del Interior, as&iacute; como de organizaciones de masas y estudiantiles, representantes del cuerpo diplom&aacute;tico acreditado en Cuba e integrantes de la d&eacute;cimo octava Caravana Pastores por la Paz&ndash;,fueron reconocidos los egresados que por los sobresalientes resultados de su labor en el campo de las investigaciones resultaron acreedores del Premio al M&eacute;rito Cient&iacute;fico.<\/p>\n<p style=\"margin: 0px 0px 10px;font-size: 14px;, helvetica, arial, sans-serif;font-style: normal;font-weight: normal;letter-spacing: normal;text-align: start;text-indent: 0px;text-transform: none\">Asimismo, en presencia de prestigiosos profesores de la instituci&oacute;n, y de familiares de los egresados cubanos y de otros pa&iacute;ses, fueron homenajeados tambi&eacute;n los mejores graduados integrales a nivel de cada una de las Facultades de la Universidad de Ciencias M&eacute;dicas de La Habana.<\/p>\n<p style=\"margin: 0px 0px 10px;font-size: 14px;, helvetica, arial, sans-serif;font-style: normal;font-weight: normal;letter-spacing: normal;text-align: start;text-indent: 0px;text-transform: none\">Por otra parte, a propuesta de la Federaci&oacute;n Estudiantil Universitaria se seleccionaron adem&aacute;s los graduados m&aacute;s destacados de esta Universidad en las diferentes carreras y esferas de trabajo de la organizaci&oacute;n.<\/p>\n<p style=\"margin: 0px 0px 10px;font-size: 14px;, helvetica, arial, sans-serif;font-style: normal;font-weight: normal;letter-spacing: normal;text-align: start;text-indent: 0px;text-transform: none\">La doctora Diana Rodr&iacute;guez Herrera, mejor graduada de la Universidad en la carrera de Medicina y mejor graduada integral de la Universidad de Ciencias M&eacute;dicas de La Habana, ratific&oacute; ante los presentes que los nuevos profesionales no solo han aprendido el arte de sanar y ser nobles, sino el de &laquo;convertir la salud y la vida de los otros en nuestra primera preocupaci&oacute;n&raquo;.<\/p>\n<p style=\"margin: 0px 0px 10px;font-size: 14px;, helvetica, arial, sans-serif;font-style: normal;font-weight: normal;letter-spacing: normal;text-align: start;text-indent: 0px;text-transform: none\">Subray&oacute; que egresan de la Universidad, &laquo;comprometidos con dar continuidad a nuestro proyecto social y luchar desinteresadamente desde la trinchera que se nos asigne; super&aacute;ndonos y esforz&aacute;ndonos para ser profesionales competentes y de excelencia a favor del desarrollo y cuidado de la salud; y ser dignos representantes de los valores en que hemos sido formados&raquo;.<\/p>\n<p style=\"margin: 0px 0px 10px;font-size: 14px;, helvetica, arial, sans-serif;font-style: normal;font-weight: normal;letter-spacing: normal;text-align: start;text-indent: 0px;text-transform: none\">El profesor y doctor Luis Alberto Pichs Garc&iacute;a, rector de la Universidad de Ciencias M&eacute;dicas de la Habana, destac&oacute; que esta instituci&oacute;n constituye un paradigma de la formaci&oacute;n de miles de m&eacute;dicos para Cuba y el mundo. En esta ocasi&oacute;n, dijo, tiene el privilegio de graduar en cinco carreras de ciencias m&eacute;dicas, a 724 profesionales de la salud cubanos y 79 de otras nacionalidades, todos los cuales, han logrado desarrollar un proceso acad&eacute;mico exitoso centrado en la educaci&oacute;n en el trabajo, en escenarios reales, dijo.<\/p>\n<p style=\"margin: 0px 0px 10px;font-size: 14px;, helvetica, arial, sans-serif;font-style: normal;font-weight: normal;letter-spacing: normal;text-align: start;text-indent: 0px;text-transform: none\">Puntualiz&oacute; que el sistema de salud cubano, y en especial el de La Habana, recibe con esta nueva graduaci&oacute;n un significativo aporte de profesionales que contribuir&aacute;n a mejorar los &iacute;ndices generales de salud del territorio, de todo el pa&iacute;s y de cualquier lugar del mundo donde se hagan necesarios sus servicios.<\/p>\n<p style=\"margin: 0px 0px 10px;font-size: 14px;, helvetica, arial, sans-serif;font-style: normal;font-weight: normal;letter-spacing: normal;text-align: start;text-indent: 0px;text-transform: none\">En este curso escolar 2016-2017 han egresado de las aulas de las diferentes universidades de ciencias m&eacute;dicas cubanas, 14 685 profesionales y t&eacute;cnicos de la salud. De ellos, 920 m&eacute;dicos extranjeros, de 79 naciones.<\/p>\n<p style=\"margin: 0px 0px 10px;font-size: 14px;, helvetica, arial, sans-serif;font-style: normal;font-weight: normal;letter-spacing: normal;text-align: start;text-indent: 0px;text-transform: none\">En Cuba, se han graduado en el transcurso de la Revoluci&oacute;n unos 164 920 m&eacute;dicos cubanos y 33 973 extranjeros de 129 pa&iacute;ses.<\/p>\n<\/div>\n<div class=\"clear\"><\/div>\n","protected":false},"excerpt":{"rendered":"<p>Para los 14 685 profesionales y t&eacute;cnicos de la salud que egresaron este curso de las aulas de las diferentes universidades de ciencias m&eacute;dicas cubanas, ahora es que comienza el m&aacute;s duro de los caminos. Y all&iacute;, del lado del compromiso de honrar la profesi&oacute;n m&aacute;s noble, los espera tambi&eacute;n la mejor recompensa. Esa que [&hellip;]<\/p>\n","protected":false},"author":1,"featured_media":0,"comment_status":"close","ping_status":"open","sticky":false,"template":"","format":"standard","meta":{"footnotes":""},"categories":[5],"tags":[],"class_list":["post-11974","post","type-post","status-publish","format-standard","hentry","category-noticia"],"_links":{"self":[{"href":"https:\/\/contenidosportal.sld.cu\/portal20142020\/wp-json\/wp\/v2\/posts\/11974","targetHints":{"allow":["GET"]}}],"collection":[{"href":"https:\/\/contenidosportal.sld.cu\/portal20142020\/wp-json\/wp\/v2\/posts"}],"about":[{"href":"https:\/\/contenidosportal.sld.cu\/portal20142020\/wp-json\/wp\/v2\/types\/post"}],"author":[{"embeddable":true,"href":"https:\/\/contenidosportal.sld.cu\/portal20142020\/wp-json\/wp\/v2\/users\/1"}],"replies":[{"embeddable":true,"href":"https:\/\/contenidosportal.sld.cu\/portal20142020\/wp-json\/wp\/v2\/comments?post=11974"}],"version-history":[{"count":0,"href":"https:\/\/contenidosportal.sld.cu\/portal20142020\/wp-json\/wp\/v2\/posts\/11974\/revisions"}],"wp:attachment":[{"href":"https:\/\/contenidosportal.sld.cu\/portal20142020\/wp-json\/wp\/v2\/media?parent=11974"}],"wp:term":[{"taxonomy":"category","embeddable":true,"href":"https:\/\/contenidosportal.sld.cu\/portal20142020\/wp-json\/wp\/v2\/categories?post=11974"},{"taxonomy":"post_tag","embeddable":true,"href":"https:\/\/contenidosportal.sld.cu\/portal20142020\/wp-json\/wp\/v2\/tags?post=11974"}],"curies":[{"name":"wp","href":"https:\/\/api.w.org\/{rel}","templated":true}]}}