{"id":11926,"date":"2017-05-19T13:41:44","date_gmt":"2017-05-19T13:41:44","guid":{"rendered":"http:\/\/contenidosportal.sld.cu\/portal20142020\/?p=2307"},"modified":"2017-05-19T13:41:44","modified_gmt":"2017-05-19T13:41:44","slug":"19-de-mayo-122-aniversario-de-la-caida-del-apostol-jose-marti","status":"publish","type":"post","link":"https:\/\/contenidosportal.sld.cu\/portal20142020\/2017\/05\/19\/19-de-mayo-122-aniversario-de-la-caida-del-apostol-jose-marti\/","title":{"rendered":"19 de mayo, 122 aniversario de la ca\u00edda del Ap\u00f3stol Jos\u00e9 Mart\u00ed"},"content":{"rendered":"<div class=\"item-node\">\n<p align=\"center\"><strong>ALL&Iacute; DONDE DESCANSAN LOS TRES GRANDES DE CUBA<\/strong><\/p>\n<p>Por: Dr. Wilkie Delgado Correa<\/p>\n<p>En ese altar sublime de la Patria que es el cementerio de &quot;Santa Ifigenia, descansan, y luchan con sus ejemplos indelebles en la historia, esos tres grandes -C&eacute;spedes, Mart&iacute; y Fidel&quot;.<\/p>\n<p>La historia tiene sus misterios y las rutas de los pueblos en sus distintas etapas de sue&ntilde;os y luchas van tejiendo su grandeza y gloria.<\/p>\n<p>Un primer hito de esta larga lucha que se simboliza en la vida y obra de los m&aacute;ximos l&iacute;deres de la Revoluci&oacute;n Cubana, lo representa la ca&iacute;da en combate el 27 de febrero de 1874 de Carlos Manuel de C&eacute;spedes, quien levantara en armas al pa&iacute;s para librarla del coloniaje de Espa&ntilde;a el 10 de octubre de 1868 y fuera el primer presidente de la Rep&uacute;blica de Cuba en Armas.<\/p>\n<p>El cementerio de &ldquo;Santa Ifigenia&rdquo; fue el destino final del tambi&eacute;n reconocido como Padre de la Patria. En la certificaci&oacute;n del enterramiento qued&oacute; expresado que en el libro 6to. de Registros de Enterramientos de pobres del Cementerio de &ldquo;Santa Ifigenia&rdquo; de la ciudad de Santiago de Cuba, aparece el siguiente asiento: &ldquo;1874.-Marzo 1. &ndash;Carlos Manuel de C&eacute;spedes del Castillo, blanco, como de 50 a&ntilde;os, procedente del Hospital Civil y remitido por el Jefe Superior de Polic&iacute;a. &ndash;Falleci&oacute; a consecuencia de heridas de bala. Sepultado en la fosa No. 7 de la hilera 2 del tramo &ldquo;G&rdquo;. Fosa com&uacute;n.&rdquo;<\/p>\n<p><img decoding=\"async\" alt=\"Tumba de Jos\u00e9 Mart\u00ed en el Cementerio de Santa Ifigenia\" src=\"\/sites\/www.sld.cu\/files\/usuarios\/mirta\/tumba-jose-marti.jpg\" style=\"width: 242px;height: 161px;margin: 5px;float: left\" \/>El segundo hito tuvo lugar el 19 de mayo de 1895, representado por la ca&iacute;da en combate de Jos&eacute; Mart&iacute;, quien fuera el delegado del Partido Revolucionario por la Independencia y que ha sido reconocido como el Ap&oacute;stol de la Independencia, el Maestro y el H&eacute;roe Nacional de Cuba. Fue el m&aacute;ximo l&iacute;der de la lucha armada reiniciada el 24 de febrero de 1895.<\/p>\n<p>El d&iacute;a 23 de mayo se produjo su reconocimiento despu&eacute;s de exhumado, y se se&ntilde;al&oacute; que dicho cad&aacute;ver parec&iacute;a ser el de hombre entre los 45 y 50 a&ntilde;os. Presentaba adem&aacute;s en la pierna derecha y en su tercio superior, una hendidura especial de la piel correspon&shy;diendo a dicha hendidura un color algo m&aacute;s oscuro que el &nbsp;resto del cuerpo, pruebas evidentes de haber sufrido en aquella parte&nbsp; durante alg&uacute;n tiempo una presi&oacute;n con la contusi&oacute;n consiguiente, producida por un anillo de hierro colocado en dicho &nbsp;punto. Que presentaba las siguientes heridas: Una herida de bala penetrante en el pecho, cuyo orificio de entrada parec&iacute;a corresponder a la parte anterior del pecho al nivel del pu&ntilde;o del estern&oacute;n, el cual hab&iacute;a &nbsp;sido &nbsp;fracturado, presentando al parecer dicha herida &nbsp;su orificio &nbsp;de salida por la parte posterior del t&oacute;rax, en el &nbsp;cuarto espacio intercostal derecho como a diez cent&iacute;metros de la colum&shy;na vertebral. Otra herida de bala en el cuello, cuyo orificio de entrada estaba debajo de la barba como a unos quince cent&iacute;metros de la misma y a cuatro de la rama derecha del maxilar inferior y cuyo orificio de salida se encontraba por encima &nbsp;del &nbsp;maxilar superior, lado derecho, cuyo labio se hallaba &nbsp;destrozado. &nbsp;Otra herida igualmente de bala en el tercio inferior del muslo derecho y hacia su parte interna. Adem&aacute;s presentaba &nbsp;algunas contusiones &nbsp;en &nbsp;el resto del cuerpo.<\/p>\n<p>Los restos mortales fueron enviados a Santiago de Cuba, y despu&eacute;s de su llegada el 27 de mayo, fue enterrado en el Nicho 134 Galer&iacute;a Sur, del cementerio de &ldquo;Santa Ifigenia&rdquo;.<\/p>\n<p><img decoding=\"async\" alt=\"Tumba de Fidel Castro en Cementerio Santa Ifigenia\" src=\"\/sites\/www.sld.cu\/files\/usuarios\/mirta\/tumba-fidel.jpg\" style=\"width: 242px;height: 179px;margin: 5px;float: left\" \/>El tercer hito ocurri&oacute; 121 a&ntilde;os despu&eacute;s cuando las cenizas de Fidel Castro fueron trasladas desde La Habana hasta Santiago de Cuba en alas del cari&ntilde;o de todo el pueblo. Se trat&oacute; esta vez de los restos de quien fuera el m&aacute;ximo l&iacute;der de la Revoluci&oacute;n Cubana en la Cuba contempor&aacute;nea, reconocido como Comandante en Jefe en la guerra de liberaci&oacute;n, y quien fuera despu&eacute;s del triunfo revolucionario Primer Ministro en una primera etapa, y luego&nbsp; Presidente de los Consejos de Estado y de Ministros de Cuba hasta el 2006.<\/p>\n<p>Sus cenizas fueron depositadas el 4 de diciembre del 2016 en el seno de una enorme piedra que ser&aacute; su tumba eterna.<\/p>\n<p>En ese altar sublime de la Patria que es el cementerio de &ldquo;Santa Ifigenia&rdquo;, descansan, y luchan con sus ejemplos indelebles en la historia, esos tres grandes -C&eacute;spedes, Mart&iacute; y Fidel- muy cerca uno de otro, junto con una pl&eacute;yade numerosa de m&aacute;rtires y h&eacute;roes, compa&ntilde;eros de combates e ideales. Parte de estos reposan en este sitio, y otros muchos en los numerosos cementerios y otros parajes de la geograf&iacute;a insular, e incluso en el mar, como es el caso del Comandante Camilo Cienfuegos. Todos ellos son semillas del pasado, presente y futuro de la naci&oacute;n, que lo dieron todo por adelantar y conquistar la felicidad de un pueblo heroico y generoso que se llama Cuba.<\/p>\n<\/div>\n<div class=\"clear\"><\/div>\n","protected":false},"excerpt":{"rendered":"<p>ALL&Iacute; DONDE DESCANSAN LOS TRES GRANDES DE CUBA Por: Dr. Wilkie Delgado Correa En ese altar sublime de la Patria que es el cementerio de &quot;Santa Ifigenia, descansan, y luchan con sus ejemplos indelebles en la historia, esos tres grandes -C&eacute;spedes, Mart&iacute; y Fidel&quot;. La historia tiene sus misterios y las rutas de los pueblos [&hellip;]<\/p>\n","protected":false},"author":1,"featured_media":0,"comment_status":"close","ping_status":"open","sticky":false,"template":"","format":"standard","meta":{"footnotes":""},"categories":[5],"tags":[],"class_list":["post-11926","post","type-post","status-publish","format-standard","hentry","category-noticia"],"_links":{"self":[{"href":"https:\/\/contenidosportal.sld.cu\/portal20142020\/wp-json\/wp\/v2\/posts\/11926","targetHints":{"allow":["GET"]}}],"collection":[{"href":"https:\/\/contenidosportal.sld.cu\/portal20142020\/wp-json\/wp\/v2\/posts"}],"about":[{"href":"https:\/\/contenidosportal.sld.cu\/portal20142020\/wp-json\/wp\/v2\/types\/post"}],"author":[{"embeddable":true,"href":"https:\/\/contenidosportal.sld.cu\/portal20142020\/wp-json\/wp\/v2\/users\/1"}],"replies":[{"embeddable":true,"href":"https:\/\/contenidosportal.sld.cu\/portal20142020\/wp-json\/wp\/v2\/comments?post=11926"}],"version-history":[{"count":0,"href":"https:\/\/contenidosportal.sld.cu\/portal20142020\/wp-json\/wp\/v2\/posts\/11926\/revisions"}],"wp:attachment":[{"href":"https:\/\/contenidosportal.sld.cu\/portal20142020\/wp-json\/wp\/v2\/media?parent=11926"}],"wp:term":[{"taxonomy":"category","embeddable":true,"href":"https:\/\/contenidosportal.sld.cu\/portal20142020\/wp-json\/wp\/v2\/categories?post=11926"},{"taxonomy":"post_tag","embeddable":true,"href":"https:\/\/contenidosportal.sld.cu\/portal20142020\/wp-json\/wp\/v2\/tags?post=11926"}],"curies":[{"name":"wp","href":"https:\/\/api.w.org\/{rel}","templated":true}]}}