{"id":11919,"date":"2017-05-12T11:47:30","date_gmt":"2017-05-12T11:47:30","guid":{"rendered":"http:\/\/contenidosportal.sld.cu\/portal20142020\/?p=2287"},"modified":"2017-05-12T11:47:30","modified_gmt":"2017-05-12T11:47:30","slug":"12-de-mayo-dia-internacional-de-la-enfermeria-aniversario-del-sitio-de-enfermeria","status":"publish","type":"post","link":"https:\/\/contenidosportal.sld.cu\/portal20142020\/2017\/05\/12\/12-de-mayo-dia-internacional-de-la-enfermeria-aniversario-del-sitio-de-enfermeria\/","title":{"rendered":"12 de mayo, D\u00eda internacional de la enfermer\u00eda. Aniversario del sitio de Enfermer\u00eda urol\u00f3gica"},"content":{"rendered":"<div class=\"item-node\">\n<p>El D&iacute;a internacional de la enfermer&iacute;a es celebrado en todo el mundo cada 12 de mayo. Este d&iacute;a nuestra red celebra tambi&eacute;n el noveno aniversario del sitio de Enfermer&iacute;a Urol&oacute;gica.<\/p>\n<p>El D&iacute;a internacional de la enfermera es celebrado en todo el mundo cada 12 de mayo en conmemoraci&oacute;n del aniversario del natalicio de la insigne enfermera brit&aacute;nica <a href=\"http:\/\/www.fnif.org\/\" target=\"_blank\" rel=\"noopener\">Florence Nightingale<\/a>.<\/p>\n<p>En este d&iacute;a celebramos tambi&eacute;n el noveno aniversario del sitio de <a href=\"http:\/\/temas.sld.cu\/enfermeriaurologica\/\" target=\"_blank\" rel=\"noopener\">Enfermer&iacute;a Urol&oacute;gica<\/a> de Infomed, espacio que con un trabajo sostenido y de elevado nivel en esta especialidad de la enfermer&iacute;a ha sido conducido por su editora fundadora&nbsp; la Lic. Yanela D&iacute;az a quien agradecemos y felicitamos por los a&ntilde;os de labor como Licenciada en enfermer&iacute;a del Instituto de Nefrolog&iacute;a y por su abnegado trabajo al frente de este sitio que prestigia a nuestra red.<\/p>\n<p>El <a href=\"http:\/\/www.icn.ch\/es\/\" target=\"_blank\" rel=\"noopener\">Consejo Internacional de Enfermeras, CIE<\/a>, todos los a&ntilde;os realiza en este d&iacute;a la presentaci&oacute;n de la carpeta del D&iacute;a Internacional de la Enfermera (DIE).<\/p>\n<p>Este a&ntilde;o, el CIE ha elegido como tema <a href=\"http:\/\/www.icn.ch\/images\/stories\/documents\/publications\/ind\/ICN_AVoiceToLead_guidancepack_SPA_Lowres.pdf\" target=\"_blank\" rel=\"noopener\">&laquo;Enfermer&iacute;a: Una voz para liderar &#8211; Alcanzando los Objetivos de Desarrollo Sostenible&raquo;.<\/a> Este grupo de herramientas, que se ofrecen conjuntamente con la campa&ntilde;a que lo apoya, est&aacute; disponible en el sitio web, y en los medios de comunicaci&oacute;n social.<\/p>\n<p>Los materiales est&aacute;n destinados a sensibilizar tanto a los profesionales de la Enfermer&iacute;a como a la poblaci&oacute;n en general y a los actores pol&iacute;ticos sobre qu&eacute; son los <a href=\"http:\/\/www.un.org\/sustainabledevelopment\/es\/objetivos-de-desarrollo-sostenible\/\" target=\"_blank\" rel=\"noopener\">Objetivos de Desarrollo Sostenible, ODS<\/a>, y por qu&eacute; son importantes.<\/p>\n<p>La campa&ntilde;a de este a&ntilde;o tiene por objetivo dar a todos la oportunidad de aportar en su propio nivel y reconoce los esfuerzos que ya se realizan diariamente encaminados al logro de tales objetivos.<\/p>\n<p><a href=\"http:\/\/www.icn.ch\/images\/stories\/documents\/publications\/ind\/ICN_AVoiceToLead_guidancepack_SPA_Lowres.pdf\" target=\"_blank\" rel=\"noopener\">Descargar la carpeta sobre el D&iacute;a Internacional de la Enfermer&iacute;a<\/a>.<\/p>\n<p><a href=\"http:\/\/www.icn.ch\/es\/publications\/international-nurses-day\/\" target=\"_blank\" rel=\"noopener\">Descargar materiales de a&ntilde;os anteriores<\/a>.<\/p>\n<p><a href=\"http:\/\/www.bmcbolivia.com.bo\/index.php\/9-noticias\/135-titulo-soy-enfermera-y-seguire-siendolo-toda-la-vida\" target=\"_blank\" rel=\"noopener\">&quot;Soy enfermera y seguir&eacute; si&eacute;ndolo toda la vida&quot;<\/a><\/p>\n<p><a href=\"http:\/\/boletinaldia.sld.cu\/aldia\/2017\/05\/12\/enfermeria-una-voz-para-liderar-alcanzando-los-objetivos-de-desarrollo-sostenible\/\" target=\"_blank\" rel=\"noopener\">Enfermer&iacute;a: Una voz para liderar &ndash; Alcanzando los Objetivos de Desarrollo Sostenible<\/a><\/p>\n<p><a href=\"http:\/\/enfermeriacubana.sld.cu\/\" target=\"_blank\" rel=\"noopener\">Visite el sitio Enfermer&iacute;a cubana<\/a><\/p>\n<p>&nbsp;<\/p>\n<\/div>\n<div class=\"clear\"><\/div>\n","protected":false},"excerpt":{"rendered":"<p>El D&iacute;a internacional de la enfermer&iacute;a es celebrado en todo el mundo cada 12 de mayo. Este d&iacute;a nuestra red celebra tambi&eacute;n el noveno aniversario del sitio de Enfermer&iacute;a Urol&oacute;gica. El D&iacute;a internacional de la enfermera es celebrado en todo el mundo cada 12 de mayo en conmemoraci&oacute;n del aniversario del natalicio de la insigne [&hellip;]<\/p>\n","protected":false},"author":1,"featured_media":0,"comment_status":"close","ping_status":"open","sticky":false,"template":"","format":"standard","meta":{"footnotes":""},"categories":[5],"tags":[],"class_list":["post-11919","post","type-post","status-publish","format-standard","hentry","category-noticia"],"_links":{"self":[{"href":"https:\/\/contenidosportal.sld.cu\/portal20142020\/wp-json\/wp\/v2\/posts\/11919","targetHints":{"allow":["GET"]}}],"collection":[{"href":"https:\/\/contenidosportal.sld.cu\/portal20142020\/wp-json\/wp\/v2\/posts"}],"about":[{"href":"https:\/\/contenidosportal.sld.cu\/portal20142020\/wp-json\/wp\/v2\/types\/post"}],"author":[{"embeddable":true,"href":"https:\/\/contenidosportal.sld.cu\/portal20142020\/wp-json\/wp\/v2\/users\/1"}],"replies":[{"embeddable":true,"href":"https:\/\/contenidosportal.sld.cu\/portal20142020\/wp-json\/wp\/v2\/comments?post=11919"}],"version-history":[{"count":0,"href":"https:\/\/contenidosportal.sld.cu\/portal20142020\/wp-json\/wp\/v2\/posts\/11919\/revisions"}],"wp:attachment":[{"href":"https:\/\/contenidosportal.sld.cu\/portal20142020\/wp-json\/wp\/v2\/media?parent=11919"}],"wp:term":[{"taxonomy":"category","embeddable":true,"href":"https:\/\/contenidosportal.sld.cu\/portal20142020\/wp-json\/wp\/v2\/categories?post=11919"},{"taxonomy":"post_tag","embeddable":true,"href":"https:\/\/contenidosportal.sld.cu\/portal20142020\/wp-json\/wp\/v2\/tags?post=11919"}],"curies":[{"name":"wp","href":"https:\/\/api.w.org\/{rel}","templated":true}]}}