{"id":11911,"date":"2017-05-09T10:58:36","date_gmt":"2017-05-09T10:58:36","guid":{"rendered":"http:\/\/contenidosportal.sld.cu\/portal20142020\/?p=2259"},"modified":"2017-05-09T10:58:36","modified_gmt":"2017-05-09T10:58:36","slug":"46-aniversario-del-centro-provincial-de-informacion-de-ciencias-medicas-de-pinar","status":"publish","type":"post","link":"https:\/\/contenidosportal.sld.cu\/portal20142020\/2017\/05\/09\/46-aniversario-del-centro-provincial-de-informacion-de-ciencias-medicas-de-pinar\/","title":{"rendered":"46 aniversario del Centro Provincial de Informaci\u00f3n de Ciencias M\u00e9dicas de Pinar del R\u00edo"},"content":{"rendered":"<div class=\"item-node\">\n<p>El <a href=\"http:\/\/www.pri.sld.cu\/?page_id=5361\">Centro Provincial de Informaci&oacute;n de Ciencias M&eacute;dicas de Pinar del R&iacute;o (CPICM-PR) <\/a>se fund&oacute; el 2 de mayo de 1971. Durante 46 a&ntilde;os ha encaminado su labor a apoyar el proceso de transformaci&oacute;n de la gesti&oacute;n de informaci&oacute;n en el sector de la salud en la provincia y a organizar las acciones para hacer de la informaci&oacute;n cient&iacute;fico-informativa una unidad fundamental al servicio del perfeccionamiento de los servicios de la Salud P&uacute;blica. &nbsp;<\/p>\n<p>El CPICM-PR asesora y gu&iacute;a la gesti&oacute;n de informaci&oacute;n y los servicios editoriales en la red de salud de la provincia. La abnegaci&oacute;n y el amor al trabajo han logrado que el centro se haya transformado en l&iacute;der en la gesti&oacute;n de informaci&oacute;n en salud dentro y fuera del territorio, lo que ha contribuido a que la red de bibliotecas del sector&nbsp; fortalezca sus servicios y brinde una gesti&oacute;n de la informaci&oacute;n y el conocimiento sustentada en las nuevas tecnolog&iacute;as de la informaci&oacute;n con un alto valor cient&iacute;fico y humano.<\/p>\n<p><strong>Directores CPICM-PR durante estos 46 a&ntilde;os: <\/strong><\/p>\n<p>Dr. Joaqu&iacute;n Junco (1971-1974)<br \/>\nDra. Sonia Nordet (1974-1976)<br \/>\nDra. Ana M Castellano (1976&ndash;1978)<br \/>\nDr. Orlando Publio Vald&eacute;s (1978&ndash;1988)<br \/>\nDr. Ismael Ortega (1988&ndash;1996)<br \/>\nDra. Heida Hern&aacute;ndez El&iacute;as (1996&ndash;2006)<br \/>\nLic. Taimara Ram&iacute;rez Acosta (2006-2014)<br \/>\nLic. Eveline Garc&iacute;a Espinosa (Actual)<\/p>\n<p><strong><u>Misi&oacute;n:<\/u><\/strong> consolidar la red de personas e instituciones capaces de producir, adquirir, organizar, diseminar y usar la informaci&oacute;n necesaria para el desarrollo de la calidad de los servicios en la asistencia, la investigaci&oacute;n, la docencia y para la b&uacute;squeda de soluciones a los problemas de salud en&nbsp;la provincia.<\/p>\n<p><strong><u>Visi&oacute;n &nbsp;para el a&ntilde;o 2017:<\/u><\/strong> &nbsp;ser paradigma de la Red de Informaci&oacute;n de Ciencias M&eacute;dicas, que garantiza, la socializaci&oacute;n del conocimiento en ambientes virtuales con un alto valor agregado, estabilidad, equidad y sostenibilidad en los servicios con una efectiva gesti&oacute;n de la informaci&oacute;n.<\/p>\n<p>Felicitamos a todos sus integrantes en la celebraci&oacute;n de tan importante aniversario.<\/p>\n<\/div>\n<div class=\"clear\"><\/div>\n","protected":false},"excerpt":{"rendered":"<p>El Centro Provincial de Informaci&oacute;n de Ciencias M&eacute;dicas de Pinar del R&iacute;o (CPICM-PR) se fund&oacute; el 2 de mayo de 1971. Durante 46 a&ntilde;os ha encaminado su labor a apoyar el proceso de transformaci&oacute;n de la gesti&oacute;n de informaci&oacute;n en el sector de la salud en la provincia y a organizar las acciones para hacer [&hellip;]<\/p>\n","protected":false},"author":1,"featured_media":0,"comment_status":"close","ping_status":"open","sticky":false,"template":"","format":"standard","meta":{"footnotes":""},"categories":[5],"tags":[],"class_list":["post-11911","post","type-post","status-publish","format-standard","hentry","category-noticia"],"_links":{"self":[{"href":"https:\/\/contenidosportal.sld.cu\/portal20142020\/wp-json\/wp\/v2\/posts\/11911","targetHints":{"allow":["GET"]}}],"collection":[{"href":"https:\/\/contenidosportal.sld.cu\/portal20142020\/wp-json\/wp\/v2\/posts"}],"about":[{"href":"https:\/\/contenidosportal.sld.cu\/portal20142020\/wp-json\/wp\/v2\/types\/post"}],"author":[{"embeddable":true,"href":"https:\/\/contenidosportal.sld.cu\/portal20142020\/wp-json\/wp\/v2\/users\/1"}],"replies":[{"embeddable":true,"href":"https:\/\/contenidosportal.sld.cu\/portal20142020\/wp-json\/wp\/v2\/comments?post=11911"}],"version-history":[{"count":0,"href":"https:\/\/contenidosportal.sld.cu\/portal20142020\/wp-json\/wp\/v2\/posts\/11911\/revisions"}],"wp:attachment":[{"href":"https:\/\/contenidosportal.sld.cu\/portal20142020\/wp-json\/wp\/v2\/media?parent=11911"}],"wp:term":[{"taxonomy":"category","embeddable":true,"href":"https:\/\/contenidosportal.sld.cu\/portal20142020\/wp-json\/wp\/v2\/categories?post=11911"},{"taxonomy":"post_tag","embeddable":true,"href":"https:\/\/contenidosportal.sld.cu\/portal20142020\/wp-json\/wp\/v2\/tags?post=11911"}],"curies":[{"name":"wp","href":"https:\/\/api.w.org\/{rel}","templated":true}]}}