{"id":10999,"date":"2015-01-27T12:17:46","date_gmt":"2015-01-27T12:17:46","guid":{"rendered":"http:\/\/contenidosportal.sld.cu\/portal20142020\/?p=229"},"modified":"2015-01-27T12:17:46","modified_gmt":"2015-01-27T12:17:46","slug":"teleconferencia-de-la-sesion-clinico-patologica-del-hospital-hermanos-ameijeiras","status":"publish","type":"post","link":"https:\/\/contenidosportal.sld.cu\/portal20142020\/2015\/01\/27\/teleconferencia-de-la-sesion-clinico-patologica-del-hospital-hermanos-ameijeiras\/","title":{"rendered":"Teleconferencia de la sesi\u00f3n Cl\u00ednico Patol\u00f3gica del Hospital \u201cHermanos Ameijeiras\u201d"},"content":{"rendered":"<div class=\"item-node\">\n<p>La Subdirecci&oacute;n de Docencia e Investigaciones del <a href=\"http:\/\/www.hha.sld.cu\" target=\"_blank\" rel=\"noopener\">Hospital Cl&iacute;nico-Quir&uacute;rgico &ldquo;Hermanos Ameijeiras&rdquo;, <\/a>en coordinaci&oacute;n con la Universidad Virtual de Salud, invitan a participar en la Teleconferencia de la Cl&iacute;nico Patol&oacute;gica Institucional.&nbsp; La presentaci&oacute;n estar&aacute; a cargo Dr. Humberto Fagundo miembro del servicio de Cardiolog&iacute;a.<\/p>\n<p>Fecha: 28 de enero<br \/>\nHora: 2.00 p.m,<br \/>\n<a href=\"https:\/\/sas.elluminate.com\/m.jnlp?sid=1110&amp;password=M.9ABF893E0C920701A45A9A8C56F404\">Sala de la teleconferencia<\/a><\/p>\n<p>El caso cl&iacute;nico&nbsp;tiene como <a href=\"http:\/\/www.uvs.sld.cu\/fiebre-y-tos-con-expectoracion-con-sangre\" target=\"_blank\" rel=\"noopener\">motivo de ingreso fiebre, tos y expectoraci&oacute;n con sangre<\/a><\/p>\n<p>\n<strong>Nota<\/strong>: para acceder al Blackboard es preciso descargar y ejecutar la aplicaci&oacute;n que se encuentra en: <a href=\"ftp:\/\/ftp.sld.cu\/uvs\/BlackboardCollaborateLauncher-Win.msi\">ftp:\/\/ftp.sld.cu\/uvs\/BlackboardCollaborateLauncher-Win.msi<\/a><\/p>\n<\/div>\n<div class=\"clear\"><\/div>\n","protected":false},"excerpt":{"rendered":"<p>La Subdirecci&oacute;n de Docencia e Investigaciones del Hospital Cl&iacute;nico-Quir&uacute;rgico &ldquo;Hermanos Ameijeiras&rdquo;, en coordinaci&oacute;n con la Universidad Virtual de Salud, invitan a participar en la Teleconferencia de la Cl&iacute;nico Patol&oacute;gica Institucional.&nbsp; La presentaci&oacute;n estar&aacute; a cargo Dr. Humberto Fagundo miembro del servicio de Cardiolog&iacute;a. Fecha: 28 de enero Hora: 2.00 p.m, Sala de la teleconferencia El [&hellip;]<\/p>\n","protected":false},"author":1,"featured_media":0,"comment_status":"close","ping_status":"open","sticky":false,"template":"","format":"standard","meta":{"footnotes":""},"categories":[5],"tags":[],"class_list":["post-10999","post","type-post","status-publish","format-standard","hentry","category-noticia"],"_links":{"self":[{"href":"https:\/\/contenidosportal.sld.cu\/portal20142020\/wp-json\/wp\/v2\/posts\/10999","targetHints":{"allow":["GET"]}}],"collection":[{"href":"https:\/\/contenidosportal.sld.cu\/portal20142020\/wp-json\/wp\/v2\/posts"}],"about":[{"href":"https:\/\/contenidosportal.sld.cu\/portal20142020\/wp-json\/wp\/v2\/types\/post"}],"author":[{"embeddable":true,"href":"https:\/\/contenidosportal.sld.cu\/portal20142020\/wp-json\/wp\/v2\/users\/1"}],"replies":[{"embeddable":true,"href":"https:\/\/contenidosportal.sld.cu\/portal20142020\/wp-json\/wp\/v2\/comments?post=10999"}],"version-history":[{"count":0,"href":"https:\/\/contenidosportal.sld.cu\/portal20142020\/wp-json\/wp\/v2\/posts\/10999\/revisions"}],"wp:attachment":[{"href":"https:\/\/contenidosportal.sld.cu\/portal20142020\/wp-json\/wp\/v2\/media?parent=10999"}],"wp:term":[{"taxonomy":"category","embeddable":true,"href":"https:\/\/contenidosportal.sld.cu\/portal20142020\/wp-json\/wp\/v2\/categories?post=10999"},{"taxonomy":"post_tag","embeddable":true,"href":"https:\/\/contenidosportal.sld.cu\/portal20142020\/wp-json\/wp\/v2\/tags?post=10999"}],"curies":[{"name":"wp","href":"https:\/\/api.w.org\/{rel}","templated":true}]}}