{"id":9242,"date":"2012-03-07T12:59:04","date_gmt":"2012-03-07T16:59:04","guid":{"rendered":"http:\/\/articulos.sld.cu\/editorhome\/?p=9242"},"modified":"2012-03-07T12:59:04","modified_gmt":"2012-03-07T16:59:04","slug":"clemente-inclan-costa","status":"publish","type":"post","link":"https:\/\/contenidosportal.sld.cu\/editorhome\/2012\/03\/07\/clemente-inclan-costa\/","title":{"rendered":"Clemente Incl\u00e1n Costa"},"content":{"rendered":"<p><strong><img loading=\"lazy\" decoding=\"async\" class=\"alignleft size-full wp-image-9243\" src=\"https:\/\/contenidosportal.sld.cu\/editorhome\/wp-content\/uploads\/sites\/3\/2012\/03\/clemente-inclan-costap.jpg\" alt=\"Clemente Incl\u00e1n Costa\" width=\"103\" height=\"150\" \/>Clemente Incl\u00e1n Costa<\/strong> (1879-1965) prestigioso pediatra cubano que fuera, durante 60 a\u00f1os, profesor titular de la asignatura de Patolog\u00eda Experimental. Se desempe\u00f1\u00f3 como Rector de la Universidad de La Habana y fue Presidente de la Academia de Ciencias M\u00e9dicas, F\u00edsicas y Naturales de La Habana.<\/p>\n<p>La familia de Rafael Incl\u00e1n, rico asturiano radicado en la capital cubana, dio al pa\u00eds dos destacados m\u00e9dicos: Clemente, pediatra, y Alberto (1890-1965), profesor fundador de la C\u00e1tedra de Ortopedia. Clemente naci\u00f3 el 19 de marzo de 1879, estudi\u00f3 medicina en la Universidad de La Habana, all\u00ed practic\u00f3 deportes, obtuvo excelentes resultados acad\u00e9micos y se gradu\u00f3 como Doctor en Medicina en 1901.<\/p>\n<p>En 1904\u00a0fue nombrado Ayudante graduado en Bacteriolog\u00eda y Patolog\u00eda Experimental, en 1924, obtuvo la c\u00e1tedra de esta especialidad de la que lleg\u00f3 a ser Profesor Titular durante 60 a\u00f1os.<\/p>\n<p>Fundador, junto a \u00c1ngel Arturo Aball\u00ed, de la Revista de Pediatr\u00eda y su director de 1916 a 1919. El 7 de octubre de 1928 se constituy\u00f3 la Sociedad Cubana de Pediatr\u00eda, de la de la que fue designado socio de honor.<\/p>\n<p>La principal producci\u00f3n cient\u00edfica del doctor Incl\u00e1n vers\u00f3 sobre patolog\u00eda m\u00e9dica infantil y bacteriolog\u00eda. Sus trabajos tuvieron gran repercusi\u00f3n nacional por la utilidad que reportaban a los m\u00e9dicos cubanos, especialmente a los pediatras, como lo demuestra el premio que le otorg\u00f3 el II Congreso M\u00e9dico Nacional por los resultados de su investigaci\u00f3n cient\u00edfica acerca de las enteritis infantiles.<\/p>\n<p>Dados sus m\u00e9ritos cient\u00edficos y docentes, el doctor Clemente Incl\u00e1n fue electo, en claustro general, Rector de la Universidad de La Habana, cargo del que tom\u00f3 posesi\u00f3n el 13 de febrero de 1930. Dos d\u00edas m\u00e1s tarde se inaugur\u00f3 el Primer Congreso Internacional de Universidades, auspiciado por la Universidad de La Habana, que conjuntamente celebraba el bicentenario de su fundaci\u00f3n. Incl\u00e1n renunci\u00f3 a su puesto de Rector por los cr\u00edmenes y la represi\u00f3n de la dictadura de Gerardo Machado para no hacerse c\u00f3mplice de la tiran\u00eda.<\/p>\n<p>En 1931 fund\u00f3 la revista cient\u00edfica Archivos de Medicina Infantil, \u00f3rgano del servicio de pediatr\u00eda del Hospital Universitario \u00abGeneral Calixto Garc\u00eda\u00bb que se public\u00f3 hasta 1960. Tambi\u00e9n dirigi\u00f3, junto con los profesores Pedro Castillo Mart\u00ednez y Luis Ortega Bola\u00f1os, la revista Archivos de Medicina Interna (1935-1958).<\/p>\n<p>El 14 de septiembre de 1944, es reelecto Rector de la Universidad de La Habana. En esta etapa auspicia la creaci\u00f3n de la colecci\u00f3n de la Biblioteca de Autores Cubanaos de la Universidad de La Habana (1944-1966). Desde entonces fue reelecto rector de forma ininterrumpida.<\/p>\n<p>Casi una d\u00e9cada despu\u00e9s, en febrero de 1952, toma nuevamente posesi\u00f3n del cargo de Rector, en esta oportunidad para el trienio 1952-55, al t\u00e9rmino del es reelecto para el trienio 1955-58.<\/p>\n<p>El 30 de marzo de 1956, en Sesi\u00f3n Solemne de la reci\u00e9n fundada Sociedad Cubana de Historia de la Medicina, su Presidente fundador, el Dr. Horacio Abascal, anunci\u00f3 la designaci\u00f3n como Presidentes de Honor a los doctores Clemente Incl\u00e1n Costa, Octavio Montoro Saladrigas y Jos\u00e9 Mart\u00ednez-Fort\u00fan Foyo.<\/p>\n<p>En 1959, el Rector Incl\u00e1n fue uno de los 23 profesores de medicina que no abandonaron el pa\u00eds y fue ratificado como Rector, siendo ya Rector Magn\u00edfico, respetado y admirado por su magn\u00edfico ejemplo de hombre de ciencia y gran compromiso social. El 11 de enero de 1962 fue designado Rector Consultante, cargo en el que se mantuvo hasta su fallecimiento en 1965.<\/p>\n<p>Colaboraci\u00f3n de: Lic. Mar\u00eda del Carmen Amaro Cano<br \/>\nFuente: EnCaribe.org\u00a0 <a href=\"http:\/\/www.encaribe.org\/index.php?option=com_content&amp;view=article&amp;id=2619:clemente-inclan-costa&amp;catid=88:pedagogia&amp;Itemid=102\">http:\/\/www.encaribe.org\/index.php?option=com_content&amp;view=article&amp;id=2619:clemente-inclan-costa&amp;catid=88:pedagogia&amp;Itemid=102<\/a><br \/>\n&#8211; Expediente Estudiante 7179. Archivo Hist\u00f3rico de la Universidad de La Habana.<br \/>\n&#8211; Expediente Administrativo 5774. Archivo Hist\u00f3rico de la Universidad de La Habana.<br \/>\n&#8211; Abascal H. \u201cEntrega de t\u00edtulos de Presidentes de Honor a los doctores Clemente Incl\u00e1n Costa, Octavio Montoro Saladrigas y Jos\u00e9 A. Mart\u00ednez Fort\u00fan Foyo. Palabras de apertura\u201d, en: Revista de la Sociedad Cubana de Historia de la Medicina.\u00a0 La Habana, 1958. Vol. 1 N\u00famero 1 enero-marzo.<br \/>\n&#8211; Delgado Garc\u00eda G. \u201cPresencia de los asturianos en la historia de la medicina cubana\u201d, en: Cuadernos de Historia de la Salud P\u00fablica. No.99 La Habana Enero-Junio 2006.<\/p>\n","protected":false},"excerpt":{"rendered":"<p><strong><img loading=\"lazy\" decoding=\"async\" class=\"alignleft size-full wp-image-9243\" src=\"https:\/\/contenidosportal.sld.cu\/editorhome\/wp-content\/uploads\/sites\/3\/2012\/03\/clemente-inclan-costap.jpg\" alt=\"Clemente Incl\u00e1n Costa\" width=\"51\" height=\"75\" \/>Clemente Incl\u00e1n Costa<\/strong> (1879-1965) prestigioso pediatra cubano que fuera, durante 60 a\u00f1os, profesor titular de la asignatura de Patolog\u00eda Experimental. Se desempe\u00f1\u00f3 como Rector de la Universidad de La Habana y fue Presidente de la Academia de Ciencias M\u00e9dicas, F\u00edsicas y Naturales de La Habana<br \/>\nLa familia de Rafael Incl\u00e1n, rico asturiano radicado en la capital cubana, dio al pa\u00eds dos destacados m\u00e9dicos: Clemente, pediatra, y Alberto (1890-1965), profesor fundador de la C\u00e1tedra de Ortopedia. Clemente naci\u00f3 el 19 de marzo de 1879, estudi\u00f3 medicina en la Universidad de La Habana, all\u00ed practic\u00f3 deportes, obtuvo excelentes resultados acad\u00e9micos y se gradu\u00f3 como Doctor en Medicina en 1901.<br \/>\nEn 1904 fue nombrado Ayudante graduado en Bacteriolog\u00eda y Patolog\u00eda Experimental, en 1924, obtuvo la c\u00e1tedra de esta especialidad de la que lleg\u00f3 a ser Profesor Titular durante 60 a\u00f1os.<br \/>\nFundador, junto a \u00c1ngel Arturo Aball\u00ed, de la Revista de Pediatr\u00eda y su director de 1916 a 1919. El 7 de octubre de 1928 se constituy\u00f3 la Sociedad Cubana de Pediatr\u00eda, de la de la que fue designado socio de honor.<\/p>\n","protected":false},"author":22,"featured_media":0,"comment_status":"closed","ping_status":"closed","sticky":false,"template":"","format":"standard","meta":{"footnotes":""},"categories":[85],"tags":[932,1965,3108,3265,3320,3454],"class_list":["post-9242","post","type-post","status-publish","format-standard","hentry","category-sabia-que","tag-clemente-inclan-costa","tag-fisicas-y-naturales-de-la-habana","tag-pediatra","tag-presidente-de-la-academia-de-ciencias-medica","tag-profesor","tag-rector-de-la-universidad-de-la-habana"],"_links":{"self":[{"href":"https:\/\/contenidosportal.sld.cu\/editorhome\/wp-json\/wp\/v2\/posts\/9242","targetHints":{"allow":["GET"]}}],"collection":[{"href":"https:\/\/contenidosportal.sld.cu\/editorhome\/wp-json\/wp\/v2\/posts"}],"about":[{"href":"https:\/\/contenidosportal.sld.cu\/editorhome\/wp-json\/wp\/v2\/types\/post"}],"author":[{"embeddable":true,"href":"https:\/\/contenidosportal.sld.cu\/editorhome\/wp-json\/wp\/v2\/users\/22"}],"replies":[{"embeddable":true,"href":"https:\/\/contenidosportal.sld.cu\/editorhome\/wp-json\/wp\/v2\/comments?post=9242"}],"version-history":[{"count":0,"href":"https:\/\/contenidosportal.sld.cu\/editorhome\/wp-json\/wp\/v2\/posts\/9242\/revisions"}],"wp:attachment":[{"href":"https:\/\/contenidosportal.sld.cu\/editorhome\/wp-json\/wp\/v2\/media?parent=9242"}],"wp:term":[{"taxonomy":"category","embeddable":true,"href":"https:\/\/contenidosportal.sld.cu\/editorhome\/wp-json\/wp\/v2\/categories?post=9242"},{"taxonomy":"post_tag","embeddable":true,"href":"https:\/\/contenidosportal.sld.cu\/editorhome\/wp-json\/wp\/v2\/tags?post=9242"}],"curies":[{"name":"wp","href":"https:\/\/api.w.org\/{rel}","templated":true}]}}