{"id":8489,"date":"2011-11-19T10:39:28","date_gmt":"2011-11-19T14:39:28","guid":{"rendered":"http:\/\/articulos.sld.cu\/editorhome\/?p=8489"},"modified":"2011-11-19T10:39:28","modified_gmt":"2011-11-19T14:39:28","slug":"george-wald","status":"publish","type":"post","link":"https:\/\/contenidosportal.sld.cu\/editorhome\/2011\/11\/19\/george-wald\/","title":{"rendered":"George Wald"},"content":{"rendered":"<p><strong><img loading=\"lazy\" decoding=\"async\" class=\"alignleft size-full wp-image-8490\" src=\"https:\/\/contenidosportal.sld.cu\/editorhome\/wp-content\/uploads\/sites\/3\/2011\/11\/george-waldp.jpg\" alt=\"George Wald\" width=\"50\" height=\"65\" \/>George Wald<\/strong> (1906-1997) graduado de zoolog\u00eda de la Universidad de Columbia en 1932. Naci\u00f3 en New York, hijo de inmigrantes jud\u00edos, obtuvo y comparti\u00f3 junto a su coterr\u00e1neo Haldan K. Hartline y a Ragnar Granit de Suecia, el Premio Nobel de Fisiolog\u00eda o Medicina en el a\u00f1o 1967 por su trabajo acerca de la qu\u00edmica de la visi\u00f3n.<\/p>\n<p>Luego de su graduaci\u00f3n, estudi\u00f3 y trabaj\u00f3 en las Universidades de Berl\u00edn, Heidelberg, Zurich, Chicago y Harvard; en \u00e9sta \u00faltima ejerci\u00f3 de profesor de Bioqu\u00edmica desde 1934 y posteriormente, en 1948, obtuvo la C\u00e1tedra de Biolog\u00eda. Durante su estancia en Berl\u00edn y en Heidleberg, en 1932, descubri\u00f3 el importante papel que ejerce la vitamina A, como pigmento de la retina en el proceso de visi\u00f3n; la carencia de esta vitamina provoca ceguera nocturna. Tambi\u00e9n estudi\u00f3 la respuesta de los bastones de la retina a la luz, junto a Paul Brown. Estudi\u00f3 la vitamina A en el mecanismo fotoqu\u00edmico de la retina, la configuraci\u00f3n molecular de la capa sensible de la retina, e identific\u00f3 y aisl\u00f3 en total cuatro pigmentos visuales sensibles a distintos tipos de luz, con los que demostr\u00f3 ciertos procesos qu\u00edmicos que determinan el env\u00edo de impulsos nerviosos al cerebro. Su importante descubrimiento de la reacci\u00f3n molecular primaria a la luz en el ojo represent\u00f3 un gran avance en la comprensi\u00f3n del mecanismo de la visi\u00f3n ya que juega el papel de excitar los fotoreceptores de todos los animales vivos.<\/p>\n<p>Wald tambi\u00e9n habl\u00f3 sobre varios temas socials y pol\u00edticos y su fama como Premio Nobel hizo que su opini\u00f3n cobrara fama nacional e internacionalmente. Fue un opositor de la Guerra de Vietnam y de la proliferaci\u00f3n de armas nucleares.<\/p>\n","protected":false},"excerpt":{"rendered":"<p><strong><img loading=\"lazy\" decoding=\"async\" class=\"alignleft size-full wp-image-8490\" src=\"https:\/\/contenidosportal.sld.cu\/editorhome\/wp-content\/uploads\/sites\/3\/2011\/11\/george-waldp.jpg\" alt=\"George Wald\" width=\"50\" height=\"65\" \/>George Wald<\/strong> (1906-1997) graduado de zoolog\u00eda de la Universidad de Columbia en 1932. Naci\u00f3 en New York, hijo de inmigrantes jud\u00edos, obtuvo y comparti\u00f3 junto a su coterr\u00e1neo Haldan K. Hartline y a Ragnar Granit de Suecia, el Premio Nobel de Fisiolog\u00eda o Medicina en el a\u00f1o 1967 por su trabajo acerca de la qu\u00edmica de la visi\u00f3n.<\/p>\n","protected":false},"author":22,"featured_media":0,"comment_status":"closed","ping_status":"closed","sticky":false,"template":"","format":"standard","meta":{"footnotes":""},"categories":[85],"tags":[976,2054,4195,4200],"class_list":["post-8489","post","type-post","status-publish","format-standard","hentry","category-sabia-que","tag-colores","tag-george-wald","tag-vision","tag-vitamina-a"],"_links":{"self":[{"href":"https:\/\/contenidosportal.sld.cu\/editorhome\/wp-json\/wp\/v2\/posts\/8489","targetHints":{"allow":["GET"]}}],"collection":[{"href":"https:\/\/contenidosportal.sld.cu\/editorhome\/wp-json\/wp\/v2\/posts"}],"about":[{"href":"https:\/\/contenidosportal.sld.cu\/editorhome\/wp-json\/wp\/v2\/types\/post"}],"author":[{"embeddable":true,"href":"https:\/\/contenidosportal.sld.cu\/editorhome\/wp-json\/wp\/v2\/users\/22"}],"replies":[{"embeddable":true,"href":"https:\/\/contenidosportal.sld.cu\/editorhome\/wp-json\/wp\/v2\/comments?post=8489"}],"version-history":[{"count":0,"href":"https:\/\/contenidosportal.sld.cu\/editorhome\/wp-json\/wp\/v2\/posts\/8489\/revisions"}],"wp:attachment":[{"href":"https:\/\/contenidosportal.sld.cu\/editorhome\/wp-json\/wp\/v2\/media?parent=8489"}],"wp:term":[{"taxonomy":"category","embeddable":true,"href":"https:\/\/contenidosportal.sld.cu\/editorhome\/wp-json\/wp\/v2\/categories?post=8489"},{"taxonomy":"post_tag","embeddable":true,"href":"https:\/\/contenidosportal.sld.cu\/editorhome\/wp-json\/wp\/v2\/tags?post=8489"}],"curies":[{"name":"wp","href":"https:\/\/api.w.org\/{rel}","templated":true}]}}