{"id":19220,"date":"2018-07-14T13:04:45","date_gmt":"2018-07-14T17:04:45","guid":{"rendered":"http:\/\/articulos.sld.cu\/editorhome\/?p=19220"},"modified":"2018-07-14T13:04:45","modified_gmt":"2018-07-14T17:04:45","slug":"margarita-valdes-dapena-vivanco","status":"publish","type":"post","link":"https:\/\/contenidosportal.sld.cu\/editorhome\/2018\/07\/14\/margarita-valdes-dapena-vivanco\/","title":{"rendered":"Margarita Vald\u00e9s-Dapena Vivanco"},"content":{"rendered":"<p><a href=\"https:\/\/contenidosportal.sld.cu\/editorhome\/wp-content\/uploads\/sites\/3\/2018\/07\/margarita-valdes-dapena.jpg\"><img loading=\"lazy\" decoding=\"async\" class=\"alignleft size-full wp-image-19221\" src=\"https:\/\/contenidosportal.sld.cu\/editorhome\/wp-content\/uploads\/sites\/3\/2018\/07\/margarita-valdes-dapena.jpg\" alt=\"Margarita Vald\u00e9s Dapena\" width=\"136\" height=\"140\" \/><\/a>Doctora en Ciencias M\u00e9dicas, Profesora Titular, Consultante de la Facultad, Profesora Principal de Microbiolog\u00eda y Parasitolog\u00eda. Es objetivo de esta semblanza reflejar la historia de su vida, apoyados en su testimonio, la revisi\u00f3n de documentos, en entrevistas a colegas y compa\u00f1eros suyos, as\u00ed como su propia obra escrita. Se logr\u00f3 reconocer su trayectoria como estudiante, m\u00e9dico, profesora, investigadora, asesora, en fin como una mujer cuya m\u00e1xima gloria est\u00e1 vinculada a los servicios prestados a la Revoluci\u00f3n.<\/p>\n<p>En La Habana, el 8 de mayo de 1939, la familia Vald\u00e9s-Dapena Vivanco, de clase media, recibir\u00eda el nacimiento de la primera hija, Uki, como le dice su madre y toda su familia.<\/p>\n<p>Desde peque\u00f1a sinti\u00f3 vocaci\u00f3n por la profesi\u00f3n, motivada por ver a su padre, el gran m\u00e9dico, Profesor Titular, Profesor de M\u00e9rito y eminente cl\u00ednico de la Universidad de La Habana, Acad\u00e9mico de la Academia de Ciencias de Cuba, querido por todo su alumnado y profesionales que trabajaban junto a \u00e9l, Antonio Mar\u00eda Vald\u00e9s-Dapena Victorio, quien lleg\u00f3 a ser seleccionado por el alumnado de su \u00e9poca como representante de los estudiantes. Por todo el ejemplo trasmitido por su padre, supo ella que esa era la carrera que quer\u00eda y deb\u00eda estudiar; de esa forma le honraba y sent\u00eda a la vez su realizaci\u00f3n personal.<\/p>\n<p>Comenz\u00f3 sus estudios primarios en elcolegio de monjas, Merici Academy. Era no solo un colegio de ense\u00f1anza profunda, sino donde adem\u00e1s de la docencia ense\u00f1aban \u00e9tica y mucha disciplina, virtudes que la han acompa\u00f1ado por toda la vida seg\u00fan sus familiares, amigos y compa\u00f1eros de trabajo.<\/p>\n<p>El bachillerato y High School, lo termin\u00f3 en 1958, en el Columbus Schooly. Pretend\u00eda estudiar Medicina, pero la universidad estaba cerrada, las fuerzas represivas de la dictadura batistiana hab\u00edan ocupado el Alto Centro Docente despu\u00e9s de la manifestaci\u00f3n estudiantil del 27 de Noviembre de 1956, y pocos d\u00edas despu\u00e9s cerrar\u00eda definitivamente sus puertas.3 Margarita opt\u00f3 entonces por hacerse T\u00e9cnica de laboratorio con el fin de estar vinculada a las Ciencias M\u00e9dicas, y se gradu\u00f3 en1960 en la escuela \u00abCarlos J. Finlay\u00bb. A la vez estudi\u00f3 taquigraf\u00eda y mecanograf\u00eda en ingl\u00e9s y espa\u00f1ol. En este tiempo comenz\u00f3 a trabajar en el Hospital \u00abReina Mercedes\u00bb, actual Hospital \u00abManuel Piti Fajardo\u00bb, como T\u00e9cnico de Microbiolog\u00eda. En este per\u00edodo conoci\u00f3 a su esposo, el Profesor Juli\u00e1n Ibrahim P\u00e9rez Amarillo, Profesor Auxiliar de Microbiolog\u00eda y Parasitolog\u00eda con quien comparte actualmente en su centro de trabajo. Se casaron en 1965, y es padre de su \u00fanica hija, Deborah, m\u00e9dico especialista en Ginecolog\u00eda y Obstetricia, M\u00e1ster en Atenci\u00f3n Integral a la Mujer, Profesora Auxiliar, y, a su vez, su hija, Laura, estudia Derecho en el Instituto Superior del Ministerio del Interior (MININT).<\/p>\n<p>En 1967 se graduaba de Medicina en la Universidad de La Habana, una \u00e9poca muy feliz para su vida, a pesar de lo mucho que hab\u00eda que estudiar, participar en las actividades de la Federaci\u00f3n Estudiantil Universitaria (FEU), milicias estudiantiles y trabajos voluntarios. Su sue\u00f1o de ser m\u00e9dico se hab\u00eda cumplido, integrada a un colectivo de j\u00f3venes revolucionarios que la ayud\u00f3 enormemente a su formaci\u00f3n, desde ese momento empezar\u00eda la verdadera historia de su carrera.<\/p>\n<p>Entre 1968 y 1969 trabaj\u00f3 en el Instituto Nacional de Higiene como m\u00e9dico, y entre 1969-1971 hizo el servicio social en el Laboratorio Provincial Oriente Sur (Santiago de Cuba) donde comenz\u00f3 a impartir docencia con la asignatura de Microbiolog\u00eda a los estudiantes de segundo a\u00f1o de t\u00e9cnico de laboratorio, como lo recuerda \u00c1ngela Guerra Garc\u00e9s, su alumna, quien a\u00f1os despu\u00e9s ser\u00eda t\u00e9cnica docente, cuando la Dra. Margarita imparti\u00f3 clases en el Hospital Militar \u00abCarlos Juan Finlay\u00bb, en ese entonces era, y actualmente es, compa\u00f1era de trabajo en el Hospital Pedi\u00e1trico \u00abJuan Manuel M\u00e1rquez\u00bb.4<\/p>\n<p>Durante 1971 fue residente de Microbiolog\u00eda en el Instituto Nacional de Higiene, Epidemiolog\u00eda y Microbiolog\u00eda y se gradu\u00f3 en 1972 de Especialista de Primer Grado en Microbiolog\u00eda. Al a\u00f1o siguiente obtuvo la categor\u00eda de Profesor Asistente. Luego trabaj\u00f3 hasta 1975 en el Hospital Covadonga, actual \u00abSalvador Allende\u00bb, como Jefa del Servicio de Microbiolog\u00eda y responsable docente de Microbiolog\u00eda y Parasitolog\u00eda, hasta que se traslad\u00f3 para el Centro Provincial de Higiene y Epidemiolog\u00eda de Ciudad de La Habana, aqu\u00ed obtuvo, en 1984, la categor\u00eda de Especialista de Segundo Grado en Microbiolog\u00eda, y adquiri\u00f3 la categor\u00eda de Profesor Auxiliar, y fue designada Vicedirectora de Docencia e Investigaciones, adem\u00e1s de Jefa Provincial de Microbiolog\u00eda y Jefa del Laboratorio de referencia de Enfermedades Diarreicas.<\/p>\n<p>En 1985 obtuvo el t\u00edtulo de Doctor en Ciencias M\u00e9dicas (PhD) en la Academia de Ciencias de Hungr\u00eda. En 1988 alcanz\u00f3 la categor\u00eda de Profesor Titular, y en 1997 se le otorg\u00f3 la condici\u00f3n de Profesor Consultante.<\/p>\n<p>Desde 1989, hasta este momento, se ha desempe\u00f1ado en el Hospital Pedi\u00e1trico Docente \u00abJuan Manuel M\u00e1rquez\u00bb, donde ha sido fundadora del laboratorio de Microbiolog\u00eda.<\/p>\n<p><strong>Actividad docente<\/strong><\/p>\n<p>Como parte de su desempe\u00f1o profesional pedag\u00f3gico ha impartido docencia a T\u00e9cnicos Medios de Microbiolog\u00eda y Enfermer\u00eda, en la Licenciatura de Enfermer\u00eda, as\u00ed como a residentes de Microbiolog\u00eda, Epidemiolog\u00eda e Higiene. Es responsable de la docencia de T\u00e9cnicos Medios y Tecn\u00f3logos de Microbiolog\u00eda en el Hospital Pedi\u00e1trico Docente \u00abJuan Manuel M\u00e1rquez\u00bb.<\/p>\n<p>Ha circunscrito su trabajo docente no solo en Cuba, sino que sus conocimientos se expandieron m\u00e1s all\u00e1 del territorio nacional:<\/p>\n<p>&#8211; Colaboraci\u00f3n docente en la Universidad Privada \u00abAntenor Orrego\u00bb, Trujillo, Per\u00fa (1998), donde realiz\u00f3 un trabajo docente-metodol\u00f3gico y asesor\u00eda de las asignaturas de Microbiolog\u00eda y Parasitolog\u00eda.<\/p>\n<p>&#8211; Desde 2003 a 2008, en la Universidad \u00abJuan Misael Caracho\u00bb, Bolivia, fue profesora de postgrado en la Maestr\u00eda Bioqu\u00edmica, menci\u00f3n Microbiolog\u00eda, y adem\u00e1s miembro del Comit\u00e9 Acad\u00e9mico. Esta docencia se imparti\u00f3 en La Paz, Tarija, Cochabamba y Trinidad.<\/p>\n<p>&#8211; En Ecuador, en la Universidad M\u00e9dica de Guayaquil, de mayo a junio de 2009, fue Profesora del M\u00f3dulo del Diplomado VIH, adem\u00e1s en esa Universidad imparti\u00f3 el M\u00f3dulo Inmunidad y Vacunaci\u00f3n en la Maestr\u00eda de Epidemiolog\u00eda, en noviembre-diciembre de 2009. En mayo-junio de 2011 fue Profesora de la Maestr\u00eda Medicina Tropical, y de octubre a noviembre de 2011 en la Maestr\u00eda de Epidemiolog\u00eda.<\/p>\n<p><strong>Asesor\u00edas T\u00e9cnico-Cient\u00edficas<\/strong><\/p>\n<p>En el Hospital Docente Pedi\u00e1trico \u00abJuan Manuel M\u00e1rquez\u00bb, as\u00ed como en la Facultad Finlay-Albarr\u00e1n, la Profesora Mar\u00eda Margarita Vald\u00e9s\u2013Dapena Vivanco ha ocupado responsabilidades y funciones de gran importancia para la actividad docente y cient\u00edfico-investigativa de la Instituci\u00f3n:<\/p>\n<p>&#8211; Jefa del Departamento de Microbiolog\u00eda.<\/p>\n<p>&#8211; Presidenta del Consejo Cient\u00edfico del Hospital \u00abJuan Manuel M\u00e1rquez\u00bb, desde 1989 hasta la fecha.<\/p>\n<p>&#8211; Miembro de la Comisi\u00f3n de Bioseguridad del Comit\u00e9 F\u00e1rmaco terap\u00e9utico, del Comit\u00e9 Conductor y de la Comisi\u00f3n del Programa Materno-Infantil del Hospital, desde 1994.<\/p>\n<p>&#8211; Presidenta del Consejo Cient\u00edfico de la Facultad \u00abFinlay-Albarr\u00e1n\u00bb, y a partir de abril de 2015, Presidente de la Comisi\u00f3n de Grados Cient\u00edficos.<\/p>\n<p>Ha sido miembro de tribunales, comisiones evaluadoras, entre otros muchos grupos de expertos nacionales y extranjeros:<\/p>\n<p>&#8211; Miembro de la Comisi\u00f3n de Resistencia Bacteriana de Am\u00e9rica Central y el Caribe.<\/p>\n<p>&#8211; Miembro Permanente del Comit\u00e9 de Grados Cient\u00edficos del Ministerio de Salud P\u00fablica-Ministerio de Educaci\u00f3n Superior para los Medios Diagn\u00f3sticos.<\/p>\n<p>&#8211; Miembro del Comit\u00e9 de Expertos para Medios de Cultivos de la Academia de Ciencias de Cuba.<\/p>\n<p>&#8211; Presidente y miembro de Tribunales de Medios Diagn\u00f3sticos para Profesores Auxiliares y Titulares, y para obtenci\u00f3n del t\u00edtulo de Especialista en Microbiolog\u00eda.<\/p>\n<p>&#8211; Miembro de los grupos para la confecci\u00f3n de programas de pregrado de la carrera de Medicina, Biolog\u00eda y estudios de Post-Grado en Microbiolog\u00eda (Residencia).<\/p>\n<p>&#8211; Miembro en 1996 del grupo evaluador del Premio Anual de la Salud.<\/p>\n<p>&#8211; Presidente del Tribunal Provincial de Salud en el XII FORUM de Ciencia y T\u00e9cnica.<\/p>\n<p>&#8211; Evaluador de Premio de la Academia de Ciencias de Cuba 2012.<\/p>\n<p>&#8211; Miembro del Grupo Nacional de Microbiolog\u00eda.<\/p>\n<p>&#8211; Miembro del Grupo Asesor del Rector de la UCMH.<\/p>\n<p>&#8211; Miembro del Comit\u00e9 asesor de la Editorial de Ciencias M\u00e9dicas (EXPERTO).<\/p>\n<p>&#8211; Miembro del Comit\u00e9 editorial de la Revista Temas M\u00e9dicos del Hospital Pedi\u00e1trico \u00abJuan Manuel M\u00e1rquez\u00bb.<\/p>\n<p>&#8211; \u00c1rbitro de Publicaciones del Centro Nacional de Ciencias M\u00e9dicas.<\/p>\n<p>&#8211; \u00c1rbitro de Publicaci\u00f3n de la Revista International Journal of Clinical Medicine, 2014.<\/p>\n<p><strong>Publicaciones<\/strong><\/p>\n<p>Sus estudios y resultados de las investigaciones y la docencia se recogen en infinidad de proyectos y publicaciones, en cap\u00edtulos de libros o manuales, y art\u00edculos, como autora, y coautora.5,6,7 y tambi\u00e9n su participaci\u00f3n en importantes eventos cient\u00edficos, con m\u00e1s de 15 premios reconocidos en la Asociaci\u00f3n de Innovadores y F\u00f3rum de Ciencia y T\u00e9cnica. Aproximadamente posee 47 publicaciones, nacionales e internacionales.<\/p>\n<p>Consecuente y consciente con el pensamiento de Fidel de que \u00abla ciencia es universal y tenemos que aprender del mundo de la misma manera que debemos estar siempre dispuestos a ense\u00f1ar el aporte que nosotros podamos obtener para ella\u00bb,8 no descansa en el bregar investigativo y tiene en ejecuci\u00f3n otras importantes investigaciones:<\/p>\n<p>&#8211; Etiolog\u00eda bacteriana de la enfermedad diarreica en ni\u00f1os.<\/p>\n<p>&#8211; Estafilococo coagulasa negativo como causa de sepsis en el ni\u00f1o.<\/p>\n<p>&#8211; Estafilococo aureus (MRSA) como causa de infecci\u00f3n en ni\u00f1os Hospital Pedi\u00e1trico Docente \u00abJuan Manuel M\u00e1rquez\u00bb.<\/p>\n<p>&#8211; Estudio bacteriol\u00f3gico de L\u00edquidos Pleurales.<\/p>\n<p>&#8211; Caracterizaci\u00f3n molecular de cepas de Streptococcus Beta hemol\u00edtico, investigaci\u00f3n conjunta con el Centro Nacional de Investigaciones Cient\u00edficas.<\/p>\n<p>&#8211; Infecciones neonatales de inicio en la comunidad por Staphylococcus aureus resistente a meticill\u00edn..<\/p>\n<p>&#8211; Susceptibilidad antimicrobiana de aislamientos de E. coliuropat\u00f3genos.<\/p>\n<p>&#8211; Biotipos de E. coliuropat\u00f3genos en infecciones urinarias en ni\u00f1os.<\/p>\n<p>Ha sido tutora y asesora de innumerables trabajos de terminaci\u00f3n de Residencias, Doctorados y Maestr\u00edas, nacionales e internacionales.<\/p>\n<p><strong>Sociedades cient\u00edficas<\/strong><\/p>\n<p>Su larga carrera como profesional y especialista, la ha llevado a integrar importantes y prestigiosas sociedades cient\u00edficas:<\/p>\n<p>&#8211; Miembro de Honor de la Sociedad de Microbiolog\u00eda y Parasitolog\u00eda de Cuba.<\/p>\n<p>&#8211; Miembro Fundador de la Sociedad de Infectolog\u00eda de Cuba.<\/p>\n<p>&#8211; Miembro de la Sociedad Latinoamericana de Infectolog\u00eda Pedi\u00e1trica.<\/p>\n<p><strong>Reconocimientos y Condecoraciones<\/strong><\/p>\n<p>&#8211; Medalla Piti Fajardo.<\/p>\n<p>&#8211; Medalla por la Educaci\u00f3n Cubana.<\/p>\n<p>&#8211; Medalla Pepito Tey.<\/p>\n<p>&#8211; Orden Frank Pa\u00eds.<\/p>\n<p>&#8211; Medalla 100 Aniversario Dr. Pedro Kour\u00ed.<\/p>\n<p>&#8211; Vanguardia Nacional Sindicato de las Ciencias, 1990, 1995, 2001,2002.<\/p>\n<p>&#8211; Sello Talento de oro. Asociaci\u00f3n Nacional de Innovadores y Racioanalizadores (ANIR), 1998, 2001, 2002.<\/p>\n<p>&#8211; Premio a la Ciencia y la Cr\u00edtica. Academia de Ciencias de Cuba\/ Instituto Cubano del Libro.<\/p>\n<p>&#8211; Distinci\u00f3n por XX Aniversario del Instituto Superior de Ciencias M\u00e9dicas.<\/p>\n<p>&#8211; Propuesta para Distinci\u00f3n Especial del Ministro de Educaci\u00f3n Superior, 2002.<\/p>\n<p>&#8211; Premio Anual de la Salud. (2002). Categor\u00eda de Libro.<\/p>\n<p>&#8211; Premio a la Ciencia y la Cr\u00edtica Academia de Ciencias de Cuba\/ Instituto Cubano del Libro.<\/p>\n<p>&#8211; Reconocimiento por la labor destacada en Salud P\u00fablica en el 170 Aniversario de Carlos J. Finlay, 2003.<\/p>\n<p>&#8211; Reconocimiento como Trabajador S\u00edmbolo del Hospital Pedi\u00e1trico Docente \u00abJuan Manuel M\u00e1rquez\u00bb, 2008.<\/p>\n<p>&#8211; Reconocimiento del Poder Popular de la Ciudad de La Habana con el otorgamiento de la Giraldilla por la labor destacada en el desarrollo de la Microbiolog\u00eda en la Ciudad, 2008.<\/p>\n<p>&#8211; Certificado por 24 a\u00f1os de labor destacada en el Hospital Pedi\u00e1trico \u00abJuan Manuel M\u00e1rquez\u00bb.<\/p>\n<p>&#8211; Miembro de Honor de la Sociedad de Microbiolog\u00eda, 2014.<\/p>\n<p>Su meritorio quehacer profesional y humano lo corroboran sus compa\u00f1eros y colegas con los que ha compartido en numerosos eventos, congresos, jornadas cient\u00edficas, forums, entre otros; tal es el testimonio del profesor Ernesto Hern\u00e1ndez Robledo quien la considera profesora exigente, bien preparada, con elevado nivel cient\u00edfico y su principal inspiraci\u00f3n para seguir investigando.9<\/p>\n<p>Otro testimonio que reconoce ambas cualidades es el de la doctora Alicia Mart\u00ednez Izquierdo, quien la conoci\u00f3 con 28 a\u00f1os cuando era residente de Microbiolog\u00eda, a trav\u00e9s del profesor P\u00e9rez Amarillo, y trabaja con ella desde que se inaugur\u00f3 el laboratorio, por lo que sabe de su inteligencia, conocimientos vastos y su gran capacidad de direcci\u00f3n.10<\/p>\n<p>Fuente: Enr\u00edquez O&#8217;Farrill ZR, Borjas Borjas F, Pimentel Lay MR. Margarita Vald\u00e9s-Dapena Vivanco, baluarte de Microbiolog\u00eda y Parasitolog\u00eda M\u00e9dica en Cuba. Rev Haban Cienc M\u00e9d [revista en Internet]. 2018 [citado 2018 Jul 14];17(2):[aprox. 7 p.]. Disponible en: <a href=\"http:\/\/www.revhabanera.sld.cu\/index.php\/rhab\/article\/view\/2063\" target=\"_blank\" rel=\"noopener noreferrer\">http:\/\/www.revhabanera.sld.cu\/index.php\/rhab\/article\/view\/2063<\/a><\/p>\n<p>Actualizado: 14 de julio de 2018<\/p>\n","protected":false},"excerpt":{"rendered":"<p>Doctora en Ciencias M\u00e9dicas, Profesora Titular, Consultante de la Facultad, Profesora Principal de Microbiolog\u00eda y Parasitolog\u00eda. Es objetivo de esta semblanza reflejar la historia de su vida, apoyados en su testimonio, la revisi\u00f3n de documentos, en entrevistas a colegas y compa\u00f1eros suyos, as\u00ed como su propia obra escrita. Se logr\u00f3 reconocer su trayectoria como estudiante, [&hellip;]<\/p>\n","protected":false},"author":22,"featured_media":0,"comment_status":"closed","ping_status":"closed","sticky":false,"template":"","format":"standard","meta":{"footnotes":""},"categories":[85],"tags":[],"class_list":["post-19220","post","type-post","status-publish","format-standard","hentry","category-sabia-que"],"_links":{"self":[{"href":"https:\/\/contenidosportal.sld.cu\/editorhome\/wp-json\/wp\/v2\/posts\/19220","targetHints":{"allow":["GET"]}}],"collection":[{"href":"https:\/\/contenidosportal.sld.cu\/editorhome\/wp-json\/wp\/v2\/posts"}],"about":[{"href":"https:\/\/contenidosportal.sld.cu\/editorhome\/wp-json\/wp\/v2\/types\/post"}],"author":[{"embeddable":true,"href":"https:\/\/contenidosportal.sld.cu\/editorhome\/wp-json\/wp\/v2\/users\/22"}],"replies":[{"embeddable":true,"href":"https:\/\/contenidosportal.sld.cu\/editorhome\/wp-json\/wp\/v2\/comments?post=19220"}],"version-history":[{"count":0,"href":"https:\/\/contenidosportal.sld.cu\/editorhome\/wp-json\/wp\/v2\/posts\/19220\/revisions"}],"wp:attachment":[{"href":"https:\/\/contenidosportal.sld.cu\/editorhome\/wp-json\/wp\/v2\/media?parent=19220"}],"wp:term":[{"taxonomy":"category","embeddable":true,"href":"https:\/\/contenidosportal.sld.cu\/editorhome\/wp-json\/wp\/v2\/categories?post=19220"},{"taxonomy":"post_tag","embeddable":true,"href":"https:\/\/contenidosportal.sld.cu\/editorhome\/wp-json\/wp\/v2\/tags?post=19220"}],"curies":[{"name":"wp","href":"https:\/\/api.w.org\/{rel}","templated":true}]}}