{"id":19179,"date":"2017-12-12T12:03:42","date_gmt":"2017-12-12T16:03:42","guid":{"rendered":"http:\/\/articulos.sld.cu\/editorhome\/?p=19179"},"modified":"2019-08-01T11:37:42","modified_gmt":"2019-08-01T15:37:42","slug":"eduarda-ancheta-niebla-1940-ejemplo-de-profesional-de-la-enfermeria-cubana","status":"publish","type":"post","link":"https:\/\/contenidosportal.sld.cu\/editorhome\/2017\/12\/12\/eduarda-ancheta-niebla-1940-ejemplo-de-profesional-de-la-enfermeria-cubana\/","title":{"rendered":"Eduarda Ancheta Niebla (1940- ). Ejemplo de Profesional de la Enfermer\u00eda Cubana"},"content":{"rendered":"<p>Naci\u00f3 en el pueblo de Caraballo, provincia Habana, el 5 de enero de 1940. Su padre Manuel Antonio era carpintero y su madre Juana Mar\u00eda, costurera. Realiz\u00f3 sus primeros estudios en la Escuela P\u00fablica \u201cMiguel Mateo\u201d de su pueblo. La Secundaria B\u00e1sica la hizo en el Colegio \u201cPatria\u201d del pueblo de San Antonio de R\u00edo Blanco, actual Provincia Mayabeque.<\/p>\n<p>En 1957 matricul\u00f3 en la Escuela de Enfermeras \u201cMiss Mary O`Donnell\u201d del hospital \u201cNuestra Se\u00f1ora de las Mercedes\u201d, despu\u00e9s de realizar el examen de ingreso donde obtuvo la plaza #9, en un grupo de m\u00e1s de 200 aspirantes. Comenz\u00f3 el Cursillo de Aspirantes con una duraci\u00f3n de tres meses y despu\u00e9s de realizar un examen te\u00f3rico-pr\u00e1ctico, result\u00f3 elegida dentro de las 20 plazas que ofrec\u00eda la Escuela. Comenz\u00f3 la carrera de Enfermer\u00eda en julio de 1958; realiz\u00f3 Examen de Grado y se gradu\u00f3 en la Escuela de Medicina en julio de 1961. Realiz\u00f3 el Servicio Social en Victoria de las Tunas, Provincia Las Tunas. Estando en esta actividad particip\u00f3 en una movilizaci\u00f3n con un grupo de m\u00e9dicos y estudiantes de medicina, que ven\u00edan de La Habana, para realizar consultas m\u00e9dicas y toma de muestras para distintas investigaciones cl\u00ednicas a los campesinos de Monte Ruz, zona de Guant\u00e1namo.<\/p>\n<p>Fue seleccionada para trabajar en el Hospital de Holgu\u00edn en la 1\u00aa Campa\u00f1a de Vacunaci\u00f3n Antipolio. Finaliz\u00f3 el Servicio Social en julio de 1962. A su regreso a La Habana fue nombrada en 1962, Jefa de la Central de Esterilizaci\u00f3n del Hospital Nacional (Hoy Hospital Cl\u00ednico Quir\u00fargico Enrique Cabrera). Al salir la convocatoria del curso postb\u00e1sico de Docencia, lo solicita y en 1963 comenz\u00f3 dicho curso. El mismo deb\u00eda terminar en el mes de diciembre, pero ello se pospuso, al partir Eduarda Ancheta, junto a un equipo de salud, hacia las serran\u00edas de Sagua de T\u00e1namo a socorrer a los damnificados del Cicl\u00f3n Flora. Al reanudarse el curso lo finaliza en enero de 1964.<\/p>\n<p>Por necesidades de profesores de Enfermer\u00eda es solicitada su colaboraci\u00f3n y de 1964 a 1966 imparte clases en la Escuela de Enfermeras de Camag\u00fcey. Se le solicita otro a\u00f1o m\u00e1s y accede, terminando esta actividad se le reconoce su labor destacada durante este tiempo. A su regreso a La Habana es nombrada de 1966 a 1967 en la Direcci\u00f3n Provincial de Docencia. Comenz\u00f3 a trabajar como metod\u00f3loga en la supervisi\u00f3n y orientaci\u00f3n de los cursos de Auxiliares de Enfermer\u00eda. Por necesidad de una profesora, es nombrada en 1967 en la Escuela de Enfermeras \u201cPelegrina Sard\u00e1 Sard\u00e1\u201d, del HCQ Calixto Garc\u00eda. Por su destacada labor, la Direcci\u00f3n Nacional de Docencia la nombra en 1968 Directora de la Escuela de Enfermeras \u201cClara L. Mass\u201d del HCQ \u201cDr. Carlos J. Finlay\u201d. Solo permanece en este cargo un a\u00f1o, pues solicita la sustituyan por problemas de salud. Al incorporarse a trabajar es nombrada profesora desde 1968 a 1972 en la Escuela de Enfermeras \u201cMercedes T\u00e9llez Medina\u201d del hospital \u201cLa Covadonga\u201d (Hoy HCQ Salvador Allende). Durante esta d\u00e9cada asiste a numerosos Talleres y Jornadas Cient\u00edficas de Enfermer\u00eda, as\u00ed como a Concursos de Monitores y Alumnos Ayudantes de la Ense\u00f1anza T\u00e9cnica. Participa como jurado en los Congresos, as\u00ed como Asesora y Tutora de numerosos trabajos cient\u00edficos.<\/p>\n<p>Por necesidades de profesores en la Escuela de Enfermeras \u201cMar\u00eda Cabrales\u201d del Hospital Nacional (HCQ Enrique Cabrera); comienza a trabajar en ese centro en 1972, compartiendo esta actividad con sus funciones como Metod\u00f3loga de Enfermer\u00eda en el Departamento de Docencia M\u00e9dica Media Provincial, en calidad de prestaci\u00f3n de servicio, hasta 1976, en que matricul\u00f3 en la carrera de Licenciatura en Enfermer\u00eda que reci\u00e9n se hab\u00eda abierto en la Universidad de Ciencias M\u00e9dicas de la Habana (UCMH). Se gradu\u00f3 en 1980. Una vez graduada como Licenciada recibe la Categor\u00eda Docente de Instructor en la Facultad \u201cFinlay\u2013Albarr\u00e1n\u201d (Designada por la Resoluci\u00f3n Rectoral 249 de 1980). Imparte el Programa de Procederes Terap\u00e9uticos de Enfermer\u00eda a 3er y 4\u00ba a\u00f1o de la carrera de Medicina hasta 1982.<\/p>\n<p>De 1982 a 1984 trabaja en la Direcci\u00f3n de Docencia M\u00e9dica Provincial como Metod\u00f3loga provincial, en la asesor\u00eda a los Polit\u00e9cnicos de la Salud y de Enfermer\u00eda. En 1984 es profesora de los cursos de Licenciatura en el Instituto de Ciencias B\u00e1sicas y Precl\u00ednicas \u201cVictoria de Gir\u00f3n\u201d. En esta Facultad participa en la elaboraci\u00f3n de numerosas Tesis para la obtenci\u00f3n del t\u00edtulo de Licenciada en Enfermar\u00eda, como Tutora o Asesora y en los tribunales de presentaci\u00f3n y defensa de las tesis, como Presidenta, Secretaria o Vocal, u Oponente. Estuvo hasta 1987 en que se descentraliza la carrera y se imparte en todas la Facultades de Ciencias M\u00e9dicas, pasando a trabajar a la Facultad \u201cEnrique Cabrera\u201d en el Departamento de Licenciatura de Enfermer\u00eda como profesora hasta 1995 en que por problemas de salud solicita su jubilaci\u00f3n.<\/p>\n<p>Despu\u00e9s de su jubilaci\u00f3n no se ha desvinculado de las tareas docentes, asistenciales e investigativas. Asiste a m\u00faltiples actividades en calidad de ponente, delegada o invitada y pudo terminar su sue\u00f1o dorado que consist\u00eda en publicar la \u201cHistoria de la Enfermer\u00eda en Cuba\u201d, tarea en la que estaba recopilando datos desde hac\u00eda casi 20 a\u00f1os. Fueron muchas las fuentes bibliogr\u00e1ficas y lugares donde tuvo que buscar informaci\u00f3n para terminar esta Historia; la obra sali\u00f3 a la luz en el mes de febrero de 2004. Se hizo otra publicaci\u00f3n en el 2006.<\/p>\n<p>Desde el 2005 comenz\u00f3 nuevamente a trabajar en la FCM \u201cDr. Enrique Cabrera\u201d en el Departamento de Licenciatura de Enfermer\u00eda, como Profesora de Historia de la Enfermer\u00eda. En el 2008 obtiene la Categor\u00eda Docente Principal de Profesor Asistente; en el a\u00f1o 2011 obtiene la Categor\u00eda Docente Principal de Profesor Auxiliar. En el 2012 se grad\u00faa de Master en Enfermer\u00eda y en el 2013 obtiene la categor\u00eda docente especial de Profesor Consultante.<\/p>\n<p>En el a\u00f1o 2015 obtiene el grado de Doctora en Ciencias de la Enfermer\u00eda. Durante los primeros meses del a\u00f1o 2017, estuvo preparando los ejercicios para obtener las categor\u00edas de Profesor Titular e Investigador Titular, las cuales les fueron otorgadas en junio de 2017.<\/p>\n<p>Ha participado en la confecci\u00f3n de 9 textos en colectivos de autores, como autora principal; ha publicado m\u00e1s de 25 trabajos en revistas nacionales y extranjeras. Est\u00e1 integrada a 7 Sociedades cient\u00edficas. Es miembro del Consejo Cient\u00edfico de Revistas Extranjeras: Consejo Editor de la Revista Temperamentum en Granada, Espa\u00f1a; del Comit\u00e9 Cient\u00edfico Internacional de la Revista Uruguaya de Enfermer\u00eda (RUE), publicaci\u00f3n oficial de la Facultad de Enfermer\u00eda de la Universidad de la Rep\u00fablica y del Consejo Cient\u00edfico Internacional de la Revista Ser Enfermero, en Buenos Aires Argentina.<\/p>\n<p>Es la coordinadora de la Red Nacional de Historia de la Enfermer\u00eda. Ha participado en m\u00e1s de 174 Congresos y Jornadas Cient\u00edficas nacionales e internacionales de Enfermer\u00eda, as\u00ed como de Historia y otras Ciencias, en calidad de autora, o delegada. Ha recibido m\u00faltiples reconocimientos, tanto por el Ministerio de Salud P\u00fablica, la Jefatura Nacional de Enfermer\u00eda, as\u00ed como por la Sociedad Cubana de Enfermer\u00eda y en distintas instituciones de salud del pa\u00eds. Por destacar algunos, es v\u00e1lido mencionar que obtuvo el Premio Primer Lugar, otorgado por la Sociedad Cubana de Enfermer\u00eda en ocasi\u00f3n del centenario de la Enfermer\u00eda Profesional en Cuba, por su libro \u201cHistoria de la Enfermer\u00eda en Cuba\u201d, adem\u00e1s Diploma de Reconocimiento del \u201cCentro Internacional La Pradera\u201d, tambi\u00e9n recibi\u00f3 el Reconocimiento \u201cFacultad Internacional de Enfermer\u00eda para El Caribe Mario Raudillo Fleitas Mart\u00ednez\u201d y en el Primer Festival de la Integralidad.<\/p>\n<p>En la edici\u00f3n del 2005 del Premio Anual de Salud, Cuba, obtuvo Menci\u00f3n en la categor\u00eda de libro. Adem\u00e1s le fue otorgado el Reconocimiento especial: \u201cFormaci\u00f3n de las nuevas generaciones\u201d por el Sindicato de Trabajadores de la Salud (SNTS) y el Ministerio de Salud P\u00fablica de Cuba en diciembre del a\u00f1o 2015 y como colof\u00f3n, un Reconocimiento Especial por obtener el Doctorado en Enfermer\u00eda, de la Sociedad Cubana de Enfermer\u00eda, Capitulo \u201cLa Habana\u201d en Febrero 2016.<\/p>\n<p>Ha recibido las siguientes Medallas y Condecoraciones: Medalla \u201cManuel Fajardo Rivero\u201d, en 1983, por el SNTS; distinci\u00f3n por la Educaci\u00f3n Cubana en 1989, por el Ministerio de Educaci\u00f3n Superior, Medalla \u201cJos\u00e9 Tey\u201d y Orden Frank Pa\u00eds II Grado en 1994, por el Consejo de Estado de Cuba. El 19 de enero del a\u00f1o 2017 fue premiada por la Academia de Ciencias de Cuba como la Doctora en Ciencias de Mayor Ejecutoria Profesional, dicho premio le fue entregado en un acto solemne realizado en el Aula Magna de la Universidad de La Habana.<\/p>\n<p>Como homenaje a su larga trayectoria profesional y a su condici\u00f3n de Historiadora de Enfermer\u00eda, el Ministerio de Salud Publica le hace entrega de un Reconocimiento en mayo del 2017.<\/p>\n<p>Fuente: Eduarda Ancheta Niebla. Ejemplo de Profesional de la Enfermer\u00eda Cubana.<br \/>\nFern\u00e1ndez Hern\u00e1ndez A , Reyes Figueroa MA , Rojas Fern\u00e1ndez I , Jim\u00e9nez Hern\u00e1ndez J. Revista Uruguaya de Enfermer\u00eda Montevideo, noviembre 2017, Vol 12, N\u00b0 2. ISSN On line: 2301-0371 331<\/p>\n<p>Disponible en: http:\/\/rue.fenf.edu.uy\/index.php\/rue\/article\/view\/238\/230<\/p>\n","protected":false},"excerpt":{"rendered":"<p>Naci\u00f3 en el pueblo de Caraballo, provincia Habana, el 5 de enero de 1940. Su padre Manuel Antonio era carpintero y su madre Juana Mar\u00eda, costurera. Realiz\u00f3 sus primeros estudios en la Escuela P\u00fablica \u201cMiguel Mateo\u201d de su pueblo. La Secundaria B\u00e1sica la hizo en el Colegio \u201cPatria\u201d del pueblo de San Antonio de R\u00edo [&hellip;]<\/p>\n","protected":false},"author":22,"featured_media":0,"comment_status":"closed","ping_status":"closed","sticky":false,"template":"","format":"standard","meta":{"footnotes":""},"categories":[85],"tags":[1474,1575,1718,2206,3320],"class_list":["post-19179","post","type-post","status-publish","format-standard","hentry","category-sabia-que","tag-docencia","tag-eduarda-ancheta-niebla","tag-enfermeria","tag-historia-de-la-enfermeria","tag-profesor"],"_links":{"self":[{"href":"https:\/\/contenidosportal.sld.cu\/editorhome\/wp-json\/wp\/v2\/posts\/19179","targetHints":{"allow":["GET"]}}],"collection":[{"href":"https:\/\/contenidosportal.sld.cu\/editorhome\/wp-json\/wp\/v2\/posts"}],"about":[{"href":"https:\/\/contenidosportal.sld.cu\/editorhome\/wp-json\/wp\/v2\/types\/post"}],"author":[{"embeddable":true,"href":"https:\/\/contenidosportal.sld.cu\/editorhome\/wp-json\/wp\/v2\/users\/22"}],"replies":[{"embeddable":true,"href":"https:\/\/contenidosportal.sld.cu\/editorhome\/wp-json\/wp\/v2\/comments?post=19179"}],"version-history":[{"count":1,"href":"https:\/\/contenidosportal.sld.cu\/editorhome\/wp-json\/wp\/v2\/posts\/19179\/revisions"}],"predecessor-version":[{"id":19527,"href":"https:\/\/contenidosportal.sld.cu\/editorhome\/wp-json\/wp\/v2\/posts\/19179\/revisions\/19527"}],"wp:attachment":[{"href":"https:\/\/contenidosportal.sld.cu\/editorhome\/wp-json\/wp\/v2\/media?parent=19179"}],"wp:term":[{"taxonomy":"category","embeddable":true,"href":"https:\/\/contenidosportal.sld.cu\/editorhome\/wp-json\/wp\/v2\/categories?post=19179"},{"taxonomy":"post_tag","embeddable":true,"href":"https:\/\/contenidosportal.sld.cu\/editorhome\/wp-json\/wp\/v2\/tags?post=19179"}],"curies":[{"name":"wp","href":"https:\/\/api.w.org\/{rel}","templated":true}]}}