{"id":19127,"date":"2017-05-27T14:19:24","date_gmt":"2017-05-27T18:19:24","guid":{"rendered":"http:\/\/articulos.sld.cu\/editorhome\/?p=19127"},"modified":"2017-05-27T14:19:24","modified_gmt":"2017-05-27T18:19:24","slug":"centenario-del-natalicio-de-la-dra-ada-kouri-barreto-1917-2015","status":"publish","type":"post","link":"https:\/\/contenidosportal.sld.cu\/editorhome\/2017\/05\/27\/centenario-del-natalicio-de-la-dra-ada-kouri-barreto-1917-2015\/","title":{"rendered":"Centenario del natalicio de la Dra. Ada Kour\u00ed Barreto (1917-2005)"},"content":{"rendered":"<p><a href=\"https:\/\/contenidosportal.sld.cu\/editorhome\/wp-content\/uploads\/sites\/3\/2017\/05\/ada-kouri.jpg\"><img loading=\"lazy\" decoding=\"async\" class=\"alignleft size-full wp-image-19128\" style=\"margin-right: 5px;margin-left: 5px\" src=\"https:\/\/contenidosportal.sld.cu\/editorhome\/wp-content\/uploads\/sites\/3\/2017\/05\/ada-kouri.jpg\" alt=\"Dra. Ada Kour\u00ed Barreto\" width=\"171\" height=\"231\" \/><\/a>El sitio de <a href=\"http:\/\/www.sld.cu\/sitios\/cardiologia\" target=\"_blank\" rel=\"noopener noreferrer\">Cardiolog\u00eda<\/a> del portal Infomed realiza un homenaje a la insigne <a href=\"http:\/\/files.sld.cu\/cardiologia\/files\/2014\/02\/ada-kouri-arreglado-febrero-2014.doc\" target=\"_blank\" rel=\"noopener noreferrer\">Profesora Ada Kour\u00ed Barreto<\/a> en el centenario de su natalicio. La Dra. Kour\u00ed fue ejemplo de profesional revolucionaria, comprometida y formadora de generaciones de cardi\u00f3logos.<\/p>\n<p>El trabajo realizado por <a href=\"http:\/\/files.sld.cu\/cardiologia\/files\/2014\/02\/ada-kouri-arreglado-febrero-2014.doc\" target=\"_blank\" rel=\"noopener noreferrer\">B\u00e1rbara Gonz\u00e1lez\u00a0Mejides<\/a> tiene la colaboraci\u00f3n de\u00a0 pacientes, compa\u00f1eros, colegas, familiares as\u00ed como con el criterio y reconocimiento de cardi\u00f3logos que sin haber sido sus alumnos directos fueron alcanzados por la luz de su obra de la vida.<\/p>\n<p>Para conocer m\u00e1s de la vida y obra de la Dra. Kour\u00ed replicamos el testimonio de su hijo, Ra\u00fal Roa Kour\u00ed, escritor y diplom\u00e1tico, que ha sido publicado por el trovador <a href=\"http:\/\/segundacita.blogspot.com\" target=\"_blank\" rel=\"noopener noreferrer\">Silvio Rodr\u00edguez Dom\u00ednguez en su blog Segunda Cita<\/a> bajo el t\u00edtulo <a href=\"http:\/\/segundacita.blogspot.com\/2017\/05\/mi-madre.html#comment-form\" target=\"_blank\" rel=\"noopener noreferrer\">Mi Madre<\/a>:<\/p>\n<p>Ada Kour\u00ed Barreto no era simplemente \u201cla esposa de Ra\u00fal Roa\u201d, aunque viv\u00eda orgullosa de serlo.<\/p>\n<p>Desde los 16 a\u00f1os milit\u00f3 en las filas del Ala Izquierda Estudiantil, en el Instituto de segunda ense\u00f1anza de La Habana; luchaba por la matr\u00edcula gratuita para los estudiantes pobres y medios, por una sociedad m\u00e1s justa, sin explotadores ni explotados. Desde muy peque\u00f1a evidenci\u00f3 un gran sentido de la responsabilidad y actuaba siempre en funci\u00f3n de ser la mayor de los siete hermanitos Kour\u00ed: una suerte de gallinita rodeada de sus polluelos.<\/p>\n<p>De sus a\u00f1os de primaria guardo una nota evaluativa de su maestra, Mar\u00eda Corominas, educadora cubana de renombre:<\/p>\n<p>\u00abAda Kour\u00ed Barreto Ingres\u00f3 en el aula de primer grado en septiembre de 1923, y cada curso aprob\u00f3 con notas de Sobresaliente los grados sucesivos, hasta el s\u00e9ptimo y \u00faltimo de que consta el plan de estudios del colegio. Esta nota le vali\u00f3 medalla de oro todos los a\u00f1os.<br \/>\nAda posee una gran inteligencia, es muy aplicada y siente por el estudio el placer del que asimila r\u00e1pidamente los conocimientos, y del que ve en ellos la liberaci\u00f3n econ\u00f3mica y el camino de ansiados triunfos.<br \/>\nTiene una fisonom\u00eda moral perfectamente definida y desde muy peque\u00f1a alcanzaba gran relieve su responsabilidad. Se caracteriza por la facultad de dominio propio: no acepta lo que considera injusto y lo demuestra o declara inmediatamente.<br \/>\nPosee la rebeld\u00eda caracter\u00edstica de la superioridad mental, de aqu\u00ed que responde al poder de la convicci\u00f3n no al de la fuerza.<br \/>\nDespliega un gran esp\u00edritu de direcci\u00f3n y de amor maternal, excelentes cualidades que practica de modo admirable con sus hermanitas, de quienes es una evidente protectora; pero con un marcado sello de confianza en s\u00ed misma.<br \/>\nLa medicina, carrera a la cual encamina sus pasos, har\u00e1 de Ada una notabilidad cubana, tanto m\u00e1s, cuanto que ya cuenta con las cualidades que deben ser peculiares en todo m\u00e9dico: amor y protecci\u00f3n para sus semejantes y desinter\u00e9s material.<\/p>\n<p>Ada es as\u00ed: superior, modesta, desinteresada y amorosa.<\/p>\n<p style=\"text-align: right\">(fdo) Dra. Mar\u00eda Corominas de Hern\u00e1ndez.<br \/>\nEn la Graduaci\u00f3n de Ada del Colegio \u201cMar\u00eda Corominas\u201d<\/p>\n<p>La insigne maestra cal\u00f3 bien en la personalidad de mi madre que, en efecto, fue as\u00ed toda la vida. <a href=\"http:\/\/segundacita.blogspot.com\/2017\/05\/mi-madre.html#comment-form\" target=\"_blank\" rel=\"noopener noreferrer\">Leer m\u00e1s&#8230;<\/a><\/p>\n<p>&nbsp;<\/p>\n","protected":false},"excerpt":{"rendered":"<p>El sitio de Cardiolog\u00eda del portal Infomed realiza un homenaje a la insigne Profesora Ada Kour\u00ed Barreto en el centenario de su natalicio. La Dra. Kour\u00ed fue ejemplo de profesional revolucionaria, comprometida y formadora de generaciones de cardi\u00f3logos. El trabajo realizado por B\u00e1rbara Gonz\u00e1lez\u00a0Mejides tiene la colaboraci\u00f3n de\u00a0 pacientes, compa\u00f1eros, colegas, familiares as\u00ed como con [&hellip;]<\/p>\n","protected":false},"author":22,"featured_media":0,"comment_status":"closed","ping_status":"closed","sticky":false,"template":"","format":"standard","meta":{"footnotes":""},"categories":[85],"tags":[275,730,800,2864,3329,3440],"class_list":["post-19127","post","type-post","status-publish","format-standard","hentry","category-sabia-que","tag-ada-kouri-barreto","tag-cardiologia","tag-centenario","tag-mujer","tag-profesora","tag-raul-roa-kouri"],"_links":{"self":[{"href":"https:\/\/contenidosportal.sld.cu\/editorhome\/wp-json\/wp\/v2\/posts\/19127","targetHints":{"allow":["GET"]}}],"collection":[{"href":"https:\/\/contenidosportal.sld.cu\/editorhome\/wp-json\/wp\/v2\/posts"}],"about":[{"href":"https:\/\/contenidosportal.sld.cu\/editorhome\/wp-json\/wp\/v2\/types\/post"}],"author":[{"embeddable":true,"href":"https:\/\/contenidosportal.sld.cu\/editorhome\/wp-json\/wp\/v2\/users\/22"}],"replies":[{"embeddable":true,"href":"https:\/\/contenidosportal.sld.cu\/editorhome\/wp-json\/wp\/v2\/comments?post=19127"}],"version-history":[{"count":0,"href":"https:\/\/contenidosportal.sld.cu\/editorhome\/wp-json\/wp\/v2\/posts\/19127\/revisions"}],"wp:attachment":[{"href":"https:\/\/contenidosportal.sld.cu\/editorhome\/wp-json\/wp\/v2\/media?parent=19127"}],"wp:term":[{"taxonomy":"category","embeddable":true,"href":"https:\/\/contenidosportal.sld.cu\/editorhome\/wp-json\/wp\/v2\/categories?post=19127"},{"taxonomy":"post_tag","embeddable":true,"href":"https:\/\/contenidosportal.sld.cu\/editorhome\/wp-json\/wp\/v2\/tags?post=19127"}],"curies":[{"name":"wp","href":"https:\/\/api.w.org\/{rel}","templated":true}]}}