{"id":19071,"date":"2016-12-18T12:15:12","date_gmt":"2016-12-18T16:15:12","guid":{"rendered":"http:\/\/articulos.sld.cu\/editorhome\/?p=19071"},"modified":"2016-12-18T12:15:12","modified_gmt":"2016-12-18T16:15:12","slug":"50-aniversario-de-la-universidad-de-ciencias-medicas-de-villa-clara","status":"publish","type":"post","link":"https:\/\/contenidosportal.sld.cu\/editorhome\/2016\/12\/18\/50-aniversario-de-la-universidad-de-ciencias-medicas-de-villa-clara\/","title":{"rendered":"50 aniversario de la Universidad de Ciencias M\u00e9dicas de Villa Clara"},"content":{"rendered":"<p><a href=\"https:\/\/contenidosportal.sld.cu\/editorhome\/wp-content\/uploads\/sites\/3\/2016\/12\/universidad-ciencias-medicas-villa-clara.jpg\"><img loading=\"lazy\" decoding=\"async\" class=\"alignleft size-full wp-image-19068\" src=\"https:\/\/contenidosportal.sld.cu\/editorhome\/wp-content\/uploads\/sites\/3\/2016\/12\/universidad-ciencias-medicas-villa-clara.jpg\" alt=\"universidad-ciencias-medicas-villa-clara\" width=\"95\" height=\"120\" \/><\/a>La Universidad de Ciencias M\u00e9dicas de Villa Clara \u201cDr. Seraf\u00edn Ruiz de Z\u00e1rate Ruiz\u201d festej\u00f3 el pasado 21 de noviembre su 50 aniversario. Luego de 48 graduaciones y m\u00e1s de 26 mil egresados, la Universidad exhibe una imagen madura. Es una instituci\u00f3n acreditada y certificada tras rigurosas evaluaciones por la Junta de Acreditaci\u00f3n Nacional del Ministerio de Educaci\u00f3n Superior. Muestra con orgullo a su carrera de Medicina tambi\u00e9n certificada por dos etapas consecutivas y la de Estomatolog\u00eda que logr\u00f3 convertir en su segunda evaluaci\u00f3n la certificaci\u00f3n en excelencia.<\/p>\n<p>En la actualidad, se forman en sus aulas estudiantes cubanos y de varias naciones del Planeta.<\/p>\n<p>Aquel lunes, 21 de noviembre de 1966 en horas de la noche, en el sal\u00f3n de espera de la consulta externa del Hospital Provincial Cl\u00ednico Quir\u00fargico de Santa Clara se efectu\u00f3 el acto de inauguraci\u00f3n de la docencia m\u00e9dica en la provincia de Villa Clara. El el acto hizo uso de la palabra el Dr. Ricardo Jorge Oropesa, el Dr. Eustaquio Remedios de los Cuetos, la alumna Deysi Ferrer y el compa\u00f1ero Sidroc Ramos, Rector de la Universidad Central quien dej\u00f3 oficialmente inaugurada la escuela.<\/p>\n<p>Estaban presentes los estudiantes y profesores que iniciaban el curso, gran parte de los m\u00e9dicos del hospital, representantes de las organizaciones pol\u00edticas y de masas de la Universidad Central, as\u00ed como representantes del Partido Comunista de Cuba de la regi\u00f3n y del municipio, los estudiantes de la Escuela de Enfermer\u00eda y dirigentes del Ministerio de Salud P\u00fablica.<\/p>\n<p>El d\u00eda 22 de noviembre se imparti\u00f3 en la escuela la 1ra clase por el Dr. Ricardo Jorge Oropesa quien fung\u00eda adem\u00e1s, como coordinador del curso.<br \/>\nEl n\u00famero exacto de estudiantes que comenzaron la docencia en esta etapa fundacional discrepa en tanto la fuente consultada, de tal modo que el peri\u00f3dico Vanguardia repota 93 estudiantes, en un documento de la Universidad de Las Villas se reconocen 88, mientras que la tradici\u00f3n ha reconocido siempre a 86 y algunos de los profesores o estudiantes de aquella etapa refieren que la cifra fue menor (alrededor de 79).<\/p>\n<p>De estos alumnos, los becarios varones se alojaron inicialmente en los altos de la Policl\u00ednica existente en lo que es hoy el Cardiocentro, ellos compart\u00edan el alojamiento con los profesores provenientes de la Escuela de Medicina de La Habana, posteriormente pasaron a vivir todos a la Cl\u00ednica del Maestro (actual \u00e1rea 4 del Hospital Infantil), y finalmente los profesores fueron hospedados en la casa de visita del Minsap y los alumnos en la Cl\u00ednica \u00abMarta Abreu\u00bb. Las muchachas ten\u00edan su alojamiento en el \u00e1rea de becas de la\u00a0 Universidad Central \u00abMarta Abreu\u00bb.<\/p>\n<p>Como toda obra que da sus primeros pasos, este a\u00f1o fue de grandes esfuerzos por parte de profesores y alumnos, en todo momento se mantuvo una actitud de cooperaci\u00f3n para enfrentar las dificultades, vale destacar el trabajo de los dirigentes de la FEU y la UJC: Deysi Ferrer, Esther Cabrera, Teresita Leyva y Julio Aguilar, ellos desempe\u00f1aron un papel muy importante en el convencimiento a los dem\u00e1s estudiantes para que se trasladaran a Las Villas y luego en el enfrentamiento de las dificultades iniciales.<\/p>\n<p>En los primeros momentos, la direcci\u00f3n de la Escuela funcion\u00f3 en un local contiguo al vest\u00edbulo del Hospital que da hacia la calle Cuba; all\u00ed en un espacio reducido trabajaba el director y la secretaria, posteriormente la direcci\u00f3n fue trasladada hacia otro local amplio, m\u00e1s cerca de la antigua entrada del Hospital \u00abSan Juan de Dios\u00bb, en el entrepiso donde hoy radica el denominado Sal\u00f3n Rojo mientras que en el local contiguo, que es hoy el Sal\u00f3n Verde, estaba el laboratorio donde iniciaron sus primeras pr\u00e1cticas los estudiantes de 3er. a\u00f1o del curso 1966-67; y en el lugar que actualmente ocupa el Laboratorio de Hematolog\u00eda radicaba \u00abel aula\u00bb. El entonces Sal\u00f3n de Actos se convirti\u00f3 en la actual Sala 9.<\/p>\n<p>Las asignaturas que se impartieron durante este primer curso fueron:<\/p>\n<ul>\n<li>Medicina Interna<\/li>\n<li>Anatom\u00eda Patol\u00f3gica<\/li>\n<li>Radiolog\u00eda<\/li>\n<li>Laboratorio Cl\u00ednico<\/li>\n<li>Microbiolog\u00eda<\/li>\n<li>Parasitolog\u00eda<\/li>\n<\/ul>\n<p>Es de destacar que, paralelamente, durante el curso 1966-67 se realizaron los preparativos para el inicio de la docencia en los dem\u00e1s hospitales provinciales (Pedi\u00e1trico, Gineco-Obst\u00e9trico y Psiqui\u00e1trico) as\u00ed como en los Policl\u00ednicos Chiqui G\u00f3mez, Jos\u00e9 R. Le\u00f3n Acosta y Capit\u00e1n Roberto Fleites.<\/p>\n<p><strong>Profesores fundadores de Villa Clara<br \/>\n<\/strong><\/p>\n<p>Medicina Interna:<br \/>\nDr. Ricardo Jorge Oropesa<br \/>\nDr. Rafael Gonz\u00e1lez Rubio<br \/>\nDr. Antonio Artiles Artiles<br \/>\nDr. Osvaldo Carb\u00f3 Bobi\u00e1<br \/>\nDr. Jos\u00e9 Fco. Mart\u00ednez Delgado<br \/>\nDr. Rolando Cuadrado Machado<br \/>\nDr. Angel Medel D\u00edaz Alba<br \/>\nDr. Mario Borges Borges<br \/>\nDr. Berna Miguel Dupuy Esquiroz<\/p>\n<p>Anatom\u00eda<br \/>\nDr. Ren\u00e9 Guarnalusse Brooks<br \/>\nDr. Antonio Graciano de Armas<\/p>\n<p>Radiolog\u00eda:<br \/>\nDr. H\u00e9ctor Alemany Briganty<br \/>\nDr. Luis Quevedo Acevedo<br \/>\nDr. Luis Pedroso<\/p>\n<p>Laboratorio Cl\u00ednico:<br \/>\nDr. Esmildo Machado P\u00e9rez<br \/>\nDr. Rafael Machado Garc\u00eda-Si\u00f1eriz<\/p>\n<p>Microbiolog\u00eda:<br \/>\nDr. Ignacio Fajardo Toledo<br \/>\nDr. Alain Ru\u00edz de Z\u00e1rate<\/p>\n<p>&nbsp;<\/p>\n<p><strong>AUXILIARES T\u00c9CNICOS DOCENTES:<\/strong><\/p>\n<p>Osvaldo Gonz\u00e1lez Artiles<br \/>\nGustavo Mendoza Pascual<br \/>\nRoberto Hern\u00e1ndez Naranjo<br \/>\nOrlando Valent\u00edn Conejero<\/p>\n<p><strong>Trabajadores administrativos y de servicios<\/strong><\/p>\n<p><strong>Oficina:<\/strong><br \/>\nRosa Morera Fern\u00e1ndez<br \/>\nMinerva Jim\u00e9nez<\/p>\n<p><strong>Albergues. Cocina Comedor:<\/strong><br \/>\nGonzalo Guti\u00e9rrez Guti\u00e9rrez<br \/>\nGloria Mond\u00e9jar Ojito<br \/>\nErnestina Tejeda Torres<br \/>\nEulalia R\u00edos Nazco<\/p>\n<p><strong>Choferes:<\/strong><br \/>\nAlberto Santos<br \/>\nRamiro<\/p>\n<p><strong>Profesores de la Escuela de Medicina de La Habana<\/strong><\/p>\n<p>Junto con los profesores que enfrentaron por primera vez la docencia en la regi\u00f3n y abrieron el camino por el que hoy andamos, justo es reconocer a los profesores de la Universidad de la Habana que prestaron su valiosa colaboraci\u00f3n en aquel empe\u00f1o.<\/p>\n<p><strong>Anatom\u00eda Patol\u00f3gica<\/strong><br \/>\nDr. Israel Borrajero<br \/>\nDr. Hilario G\u00f3mez Barry<\/p>\n<p><strong>Radiolog\u00eda<\/strong><br \/>\nDr. Francisco Conde Otero<br \/>\nDr. Rolando Pereiras<\/p>\n<p>Laboratorio Cl\u00ednico<br \/>\nDr. Julio C. M\u00e1s Mart\u00edn<br \/>\nDr. Miguel de Juli\u00e9n Zamora<br \/>\nDra. Irma Vidal Vidal<\/p>\n<p>Microbiolog\u00eda<br \/>\nDr. Rodr\u00edguez Malagamba<\/p>\n<p>Parasitolog\u00eda<br \/>\nDr. Federico Sotolongo<br \/>\nDra. Aida Jaime<\/p>\n<p><strong>Alumnos que iniciaron la docencia m\u00e9dica en la regi\u00f3n. Curso 1966-67<\/strong><\/p>\n<p>1. Acosta C\u00e1nova, Nancy Orema<br \/>\n2. Ag\u00fcero Garc\u00eda, Berta Nila<br \/>\n3. Aguilar Vald\u00e9s, Julio Antonio<br \/>\n4. Albert Andr\u00e9s<br \/>\n5. Amado Don\u00e9stevez, Alfredo R.<br \/>\n6. Alfonso Cruz, Eloina<br \/>\n7. Arag\u00f3n Rojas, Felipe Genaro<br \/>\n8. Arrieta Medina, Mar\u00eda del Pilar<br \/>\n9. Bacallao Cabrera, Iris Susana<br \/>\n10. Bernia Gonz\u00e1lez, Armando<br \/>\n11. Bonachea Hern\u00e1ndez, Jes\u00fas Nelson<br \/>\n12. Bravo, Oscar<br \/>\n13. Brito Valle, Mar\u00eda Josefa<br \/>\n14. Cabrera Ben\u00edtez, Esther<br \/>\n15. Cardoso D\u00edaz, H\u00e9ctor<br \/>\n16. Casas Ercia, Ana Herminia<br \/>\n17. Cu\u00e9llar, Mar\u00eda del Carmen<br \/>\n18. Chaviano G\u00e1lvez, Adalio<br \/>\n19. D\u00e1vila Cabo de la Vila, Evangelina<br \/>\n20. Depestre P\u00e9rez, Cecilia<br \/>\n21. D\u00edaz Machado, Otmara<br \/>\n22. D\u00edaz Sampayo, Juan Manuel<br \/>\n23. Dur\u00e1n, Milagros<br \/>\n24. Fern\u00e1ndez L\u00f3pez, L\u00e1zaro C.<br \/>\n25. Fern\u00e1ndez N\u00fa\u00f1ez, Nora Mar\u00eda<br \/>\n26. Fern\u00e1ndez Sosa, Jos\u00e9 Antonio<br \/>\n27. Ferrer Marrero, Daysi<br \/>\n28. Figueroa Hern\u00e1ndez, Reinerio<br \/>\n29. Garc\u00eda Caballero, Gilda Cira<br \/>\n30. Garrido Arce, Carmen<br \/>\n31. G\u00f3mez Cabal\u00e9 Eddy<br \/>\n32. G\u00f3ngora Castillo, Carlos Quintiliano<br \/>\n33. Gonz\u00e1lez Borges, Maricela<br \/>\n34. Gonz\u00e1lez Lucas, Norma del Carmen<br \/>\n35. Guerrero L\u00f3pez, Francisca S<br \/>\n36. Hern\u00e1ndez Amador, Benito O.<br \/>\n37. Hern\u00e1ndez Monteagudo, Mara<br \/>\n38. Herrera Monteagudo, Lida<br \/>\n39. Lastayo Casanova, Ramona<br \/>\n40. Leyva S\u00e1nchez, Teresa A.<br \/>\n41. Mainieri Varcacia, Antonio<br \/>\n42. Mar\u00edn Hautrive, Ra\u00fal<br \/>\n43. Mart\u00ednez Ord\u00f3\u00f1ez, H\u00e9ctor M.<br \/>\n44. Mart\u00ednez Ravelo, Roberto J.<br \/>\n45. Mazorra Romero, Alcides<br \/>\n46. Moro Rodr\u00edguez, Rub\u00e9n<br \/>\n47. Moya N\u00fa\u00f1ez, Luciano Oscar<br \/>\n48. Ortega, Irma<br \/>\n49. Oquendo Rodr\u00edguez, Jos\u00e9 Raimundo<br \/>\n50. P\u00e9rez Casals, Jaime<br \/>\n51. P\u00e9rez Navarro, Mar\u00eda Danny<br \/>\n52. P\u00e9rez P\u00e9rez, Alirio<br \/>\n53. P\u00e9rez Rodr\u00edguez, Tom\u00e1s<br \/>\n54. P\u00e9rez Velazco, Angela<br \/>\n55. Peruyera Moreira, Irma Amparo<br \/>\n56. Pino P\u00e9rez, Oscar Higinio<br \/>\n57. Plasencia, Mario<br \/>\n58. Ponce, Froil\u00e1n<br \/>\n59. Quintana, Pedro<br \/>\n60. Rodr\u00edguez Alvarez, Gilberto<br \/>\n61. Rodr\u00edguez Fern\u00e1ndez, Magda<br \/>\n62. Rodr\u00edguez Santos, Irene<br \/>\n63. Ruiz G\u00f3mez, Marcos Andr\u00e9s<br \/>\n64. S\u00e1nchez Brito Diego Juan<br \/>\n65. Sedano Gutierrez, Carlos Alberto<br \/>\n66. Segura, Angela<br \/>\n67. Sierra Alem\u00e1n, Mar\u00eda Mireya<br \/>\n68. Sosa Marrero, Ubaldo Vicente<br \/>\n69. Sosa, Leandro<br \/>\n70. Soto Marcelo, Mercedes<br \/>\n71. Ugalde Castillo, Pedro<br \/>\n72. Vald\u00e9s, Magalys<br \/>\n73. Vald\u00e9s G\u00f3mez, Mercedes<br \/>\n74. Vald\u00e9s Porro, Norma<br \/>\n75. Valdesuso Hern\u00e1ndez, Orfilio<br \/>\n76. V\u00e1zquez Hern\u00e1ndez, Iraida<br \/>\n77. Vera Cabezas, Oscar<br \/>\n78. Viera Pi\u00f1a, Minerva<br \/>\n79. Vigueras Fajardo, Magdalena<\/p>\n<p>Del mismo grupo pero con su incorporaci\u00f3n pospuesta:<\/p>\n<p>1. Eir\u00edn Gonz\u00e1lez, Juan W.<br \/>\n2. M\u00e1rquez Borroto, Manuel<br \/>\n3. Rielo L\u00f3pez, Rigoberto<\/p>\n<p>&nbsp;<\/p>\n<p><strong>Alumnos no fundadores, incorporados posteriormente y tambi\u00e9n graduados en 1969-70<\/strong><\/p>\n<p>1. Alfonso Prada, Olga<br \/>\n2. Borr\u00e1s V\u00e1zquez, Diana<br \/>\n3. Calder\u00f3n Tard\u00edo, Antonio Ram\u00f3n<br \/>\n4. Castell\u00f3n Mortera, Jos\u00e9<br \/>\n5. De Sola Rodr\u00edguez, Fe<br \/>\n6. Enrique Guerra, Justo<br \/>\n7. Hern\u00e1ndez Rodr\u00edguez, Hilario Noel<br \/>\n8. Ib\u00e1\u00f1ez Zamora, Enriqueta<br \/>\n9. Morgado Rodr\u00edguez, Carmen<br \/>\n10. Paseiro Ariosa, Rafael<br \/>\n11. Pe\u00f1a Alonso, Leopoldo Jorge<br \/>\n12. Rosales Rivero, Francisco<\/p>\n<p>Fuente: Universidad de Ciencias M\u00e9dicas de Villa Clara. Historia<br \/>\nDisponible en: http:\/\/instituciones.sld.cu\/ucmvc\/historia\/<\/p>\n","protected":false},"excerpt":{"rendered":"<p>La Universidad de Ciencias M\u00e9dicas de Villa Clara \u201cDr. Seraf\u00edn Ruiz de Z\u00e1rate Ruiz\u201d festej\u00f3 el pasado 21 de noviembre su 50 aniversario.<\/p>\n","protected":false},"author":22,"featured_media":0,"comment_status":"closed","ping_status":"closed","sticky":false,"template":"","format":"standard","meta":{"footnotes":""},"categories":[85],"tags":[212,3731,4092,4097,4175],"class_list":["post-19071","post","type-post","status-publish","format-standard","hentry","category-sabia-que","tag-50-aniversario","tag-serafin-ruiz-de-zarate","tag-universidad-de-ciencias-medicas","tag-universidad-de-ciencias-medicas-villa-clara","tag-villa-clara"],"_links":{"self":[{"href":"https:\/\/contenidosportal.sld.cu\/editorhome\/wp-json\/wp\/v2\/posts\/19071","targetHints":{"allow":["GET"]}}],"collection":[{"href":"https:\/\/contenidosportal.sld.cu\/editorhome\/wp-json\/wp\/v2\/posts"}],"about":[{"href":"https:\/\/contenidosportal.sld.cu\/editorhome\/wp-json\/wp\/v2\/types\/post"}],"author":[{"embeddable":true,"href":"https:\/\/contenidosportal.sld.cu\/editorhome\/wp-json\/wp\/v2\/users\/22"}],"replies":[{"embeddable":true,"href":"https:\/\/contenidosportal.sld.cu\/editorhome\/wp-json\/wp\/v2\/comments?post=19071"}],"version-history":[{"count":0,"href":"https:\/\/contenidosportal.sld.cu\/editorhome\/wp-json\/wp\/v2\/posts\/19071\/revisions"}],"wp:attachment":[{"href":"https:\/\/contenidosportal.sld.cu\/editorhome\/wp-json\/wp\/v2\/media?parent=19071"}],"wp:term":[{"taxonomy":"category","embeddable":true,"href":"https:\/\/contenidosportal.sld.cu\/editorhome\/wp-json\/wp\/v2\/categories?post=19071"},{"taxonomy":"post_tag","embeddable":true,"href":"https:\/\/contenidosportal.sld.cu\/editorhome\/wp-json\/wp\/v2\/tags?post=19071"}],"curies":[{"name":"wp","href":"https:\/\/api.w.org\/{rel}","templated":true}]}}