{"id":19053,"date":"2016-11-01T10:50:56","date_gmt":"2016-11-01T14:50:56","guid":{"rendered":"http:\/\/articulos.sld.cu\/editorhome\/?p=19053"},"modified":"2016-11-01T10:50:56","modified_gmt":"2016-11-01T14:50:56","slug":"joaquin-pascual-gispert-1913-2005","status":"publish","type":"post","link":"https:\/\/contenidosportal.sld.cu\/editorhome\/2016\/11\/01\/joaquin-pascual-gispert-1913-2005\/","title":{"rendered":"Joaqu\u00edn Pascual Gispert (1913-2005)"},"content":{"rendered":"<p><a href=\"https:\/\/contenidosportal.sld.cu\/editorhome\/wp-content\/uploads\/sites\/3\/2016\/11\/joaquin-pascual-gispert1.jpg\"><img loading=\"lazy\" decoding=\"async\" class=\"alignleft size-full wp-image-19054\" src=\"https:\/\/contenidosportal.sld.cu\/editorhome\/wp-content\/uploads\/sites\/3\/2016\/11\/joaquin-pascual-gispert1.jpg\" alt=\"Joaqu\u00edn Pascual Gispert\" width=\"100\" height=\"136\" \/><\/a>M\u00e9dico pediatra, profesor, considerado el padre de la neuropediatr\u00eda cubana, realiz\u00f3 aportes cient\u00edficos vinculados al diagn\u00f3stico y tratamiento de la epilepsia, errores cong\u00e9nitos del metabolismo, retraso mental, defectolog\u00eda y autismo.<\/p>\n<p>Naci\u00f3 el 10 de abril de 1913 en Col\u00f3n, Matanzas. Su padre fue m\u00e9dico y director del hospital de Col\u00f3n por muchos a\u00f1os.<\/p>\n<p>Pascual comenz\u00f3 a estudiar Medicina en la d\u00e9cada del 30 en la Universidad de La Habana. Tuvo que interrumpir sus estudios cuando la universidad fue cerrada por \u00f3rdenes del tirano Machado. En ese per\u00edodo trabaj\u00f3 como t\u00e9cnico azucarero en su provincia natal. Posteriormente fue t\u00e9cnico de laboratorio cl\u00ednico en la provincia de Camag\u00fcey.<\/p>\n<p>Una vez reabierta la universidad regres\u00f3 a la capital para continuar sus estudios, al mismo tiempo ocup\u00f3 una plaza de t\u00e9cnico de laboratorio cl\u00ednico en el hospital \u00abCalixto Garc\u00eda\u00bb y posteriormente en el hospital municipal de la infancia, que despu\u00e9s se llam\u00f3 hospital \u00abPedro Borr\u00e1s Astorga\u00bb.<\/p>\n<p>Desde su vida de estudiante comenz\u00f3 a investigar y a hacer algunos aportes a la Ciencias. Public\u00f3 junto al eminente profesor Angel Arturo Aball\u00ed (1936) el estudio de un caso de una enfermedad gen\u00e9tica no diagnosticada antes en Cuba y con muy pocos pacientes reportados en el mundo. A pesar de ser al mismo tiempo trabajador y estudiante fue el primer expediente de su curso, pero no pudo disfrutar de la beca que se le otorgar\u00eda para los Estados Unidos por turbias decisiones movidas por la corrupta pol\u00edtica imperante en esa \u00e9poca.<\/p>\n<p>Se gradu\u00f3 de m\u00e9dico en el a\u00f1o 1941. Alcanz\u00f3 una plaza de residente en el hospital \u00abCalixto Garc\u00eda\u00bb. Tuvo que abandonar sus estudios de posgrado porque debi\u00f3 regresar a su natal Col\u00f3n para ocuparse de la numerosa familia de su hermano, que hab\u00eda sido hospitalizado fuera de Cuba por una dolencia pulmonar grave.<\/p>\n<p>Se cas\u00f3 en esa \u00e9poca con Mar\u00eda Teresa L\u00f3pez, maestra normalista, permaneci\u00f3 por un a\u00f1o en Col\u00f3n y posteriormente se traslada a la ciudad de Matanzas. All\u00ed ejerci\u00f3 como m\u00e9dico pediatra. Ocup\u00f3 una plaza en el hospital provincial hasta que por causa de sus luchas clandestinas contra la dictadura de Batista queda cesante y s\u00f3lo pueden vivir del salario de su esposa y de los pacientes que pod\u00edan pagarle la consulta o las visitas a domicilio. Antes de haber sido cesanteado tuvo una intensa actividad m\u00e9dica y cient\u00edfica en el hospital de Matanzas, introdujo los llamados \u00abstaff meeting\u00bb para la presentaci\u00f3n y discusi\u00f3n colectiva de casos.<\/p>\n<p>Al triunfo de la Revoluci\u00f3n, en 1959, fue designado director del hospital provincial de Matanzas. Realiz\u00f3 grandes cambios en el orden m\u00e9dico y acad\u00e9mico, mientras se manten\u00eda como pediatra activo, y no dej\u00f3 de publicar y de realizar diversas actividades cient\u00edficas en el mismo hospital.<\/p>\n<p>Reabri\u00f3 las puertas de la escuela de enfermer\u00eda de la provincia de Matanzas, que fue fundada en 1900, y hab\u00eda sido cerrada en los \u00faltimos a\u00f1os de la dictadura batistiana. Durante la invasi\u00f3n por playa Gir\u00f3n fungi\u00f3 como director del hospital terminal durante los d\u00edas de la guerra.<\/p>\n<p>Al producirse un \u00e9xodo masivo de profesores y m\u00e9dicos de la Universidad de La Habana se le solicit\u00f3 su incorporaci\u00f3n como profesor de Pediatr\u00eda. As\u00ed en 1961 se traslada nuevamente a la capital, donde adem\u00e1s de las actividades docentes, asume el cargo de director en el hospital infantil \u00abPedro Borr\u00e1s\u00bb, un tiempo despu\u00e9s fue nombrado director del hospital pedi\u00e1trico \u00abWilliam Soler\u00bb de Altahabana. All\u00ed cre\u00f3 un servicio de Neuropediatr\u00eda, desarroll\u00f3 los medios diagn\u00f3sticos necesarios para las enfermedades gen\u00e9ticas en coordinaci\u00f3n con el Centro Nacional de Investigaciones Cient\u00edficas. Imparti\u00f3 clases como profesor titular de Pediatr\u00eda tanto en el pregrado como en el postgrado en diferentes facultades de medicina de la Universidad M\u00e9dica de La Habana y fue fundador de las escuelas de Medicina de Santiago de Cuba y de Santa Clara.<\/p>\n<p>Despu\u00e9s de dejar el cargo de director pas\u00f3 a trabajar como jefe del servicio de Neuropediatr\u00eda, especialidad de la Pediatr\u00eda de la que se le considera el padre en nuestro pa\u00eds. En los a\u00f1os ochenta ocupa la jefatura del servicio de Neurolog\u00eda Pedi\u00e1trica del Instituto Nacional de Neurolog\u00eda y Neurocirug\u00eda. Al mismo tiempo realiza consultas en el hospital pedi\u00e1trico de Centro Habana y asiste como neur\u00f3logo consultante al primer servicio de Neurodesarrollo de neonatos de alto riesgo que fue creado en el hospital ginecobst\u00e9trico \u00abGonz\u00e1lez Coro\u00bb<\/p>\n<p>A finales de los a\u00f1os ochenta se le solicit\u00f3 su traslado como profesor al reci\u00e9n inaugurado hospital pedi\u00e1trico \u00abJuan Manuel M\u00e1rquez\u00bb de la capital, centro de referencia a nivel nacional para las enfermedades neurol\u00f3gicas de la infancia. Desde este centro contribuy\u00f3, a trav\u00e9s del diplomado en Neuropediatr\u00eda, a la formaci\u00f3n de una importante masa cr\u00edtica de neuropediatras que han laborado en todo el pa\u00eds. El diplomado fue impartido durante toda la d\u00e9cada de los noventa hasta pocos d\u00edas antes de su muerte acaecida a los 92 a\u00f1os de edad.<\/p>\n<p>Hizo aportes importantes en el diagn\u00f3stico de enfermedades raras, no descritas en el pa\u00eds. Realiz\u00f3 m\u00e1s de 200 publicaciones en revistas y textos nacionales y extranjeros. Dentro de estas se encuentra la primera descripci\u00f3n del S\u00edndrome de West en Cuba, as\u00ed como diversos textos para la ense\u00f1anza de la Neuropediatr\u00eda. Durante los \u00faltimos a\u00f1os de su vida, a\u00fan habiendo sufrido una p\u00e9rdida total de la visi\u00f3n, nunca dej\u00f3 de estudiar, ni de asistir a pacientes en su calidad de profesor consultante. Esto fue posible dada su fuerza de voluntad, persistencia de superaci\u00f3n e inmenso valor personal que le hicieron acreedor de reconocimientos, distinciones y premios que le fueron otorgados a lo largo de su fruct\u00edfera vida cient\u00edfica. Entre los que se encuentran, la medalla \u00abCarlos J. Finlay\u00bb y el t\u00edtulo de Profesor Em\u00e9rito de la Universidad M\u00e9dica de La Habana.<\/p>\n<p>La obra de la vida del profesor Dr. Joaqu\u00edn Pascual Gispert constituye un ejemplo digno a imitar para todos los pediatras cubanos del presente y los de las futuras generaciones.<\/p>\n<p>Pascual Gispert fallece el\u00a0 17 de marzo del 2005 a los 92 a\u00f1os de edad.<\/p>\n","protected":false},"excerpt":{"rendered":"<p>M\u00e9dico pediatra, profesor, considerado el padre de la neuropediatr\u00eda cubana, realiz\u00f3 aportes cient\u00edficos vinculados al diagn\u00f3stico y tratamiento de la epilepsia, errores cong\u00e9nitos del metabolismo, retraso mental, defectolog\u00eda y autismo. Naci\u00f3 el 10 de abril de 1913 en Col\u00f3n, Matanzas. Su padre fue m\u00e9dico y director del hospital de Col\u00f3n por muchos a\u00f1os. Pascual comenz\u00f3 [&hellip;]<\/p>\n","protected":false},"author":22,"featured_media":0,"comment_status":"closed","ping_status":"closed","sticky":false,"template":"","format":"standard","meta":{"footnotes":""},"categories":[85],"tags":[2928,2937,3110,3320],"class_list":["post-19053","post","type-post","status-publish","format-standard","hentry","category-sabia-que","tag-neurologia","tag-neuropediatria","tag-pediatria","tag-profesor"],"_links":{"self":[{"href":"https:\/\/contenidosportal.sld.cu\/editorhome\/wp-json\/wp\/v2\/posts\/19053","targetHints":{"allow":["GET"]}}],"collection":[{"href":"https:\/\/contenidosportal.sld.cu\/editorhome\/wp-json\/wp\/v2\/posts"}],"about":[{"href":"https:\/\/contenidosportal.sld.cu\/editorhome\/wp-json\/wp\/v2\/types\/post"}],"author":[{"embeddable":true,"href":"https:\/\/contenidosportal.sld.cu\/editorhome\/wp-json\/wp\/v2\/users\/22"}],"replies":[{"embeddable":true,"href":"https:\/\/contenidosportal.sld.cu\/editorhome\/wp-json\/wp\/v2\/comments?post=19053"}],"version-history":[{"count":0,"href":"https:\/\/contenidosportal.sld.cu\/editorhome\/wp-json\/wp\/v2\/posts\/19053\/revisions"}],"wp:attachment":[{"href":"https:\/\/contenidosportal.sld.cu\/editorhome\/wp-json\/wp\/v2\/media?parent=19053"}],"wp:term":[{"taxonomy":"category","embeddable":true,"href":"https:\/\/contenidosportal.sld.cu\/editorhome\/wp-json\/wp\/v2\/categories?post=19053"},{"taxonomy":"post_tag","embeddable":true,"href":"https:\/\/contenidosportal.sld.cu\/editorhome\/wp-json\/wp\/v2\/tags?post=19053"}],"curies":[{"name":"wp","href":"https:\/\/api.w.org\/{rel}","templated":true}]}}