{"id":13765,"date":"2013-07-24T11:59:14","date_gmt":"2013-07-24T15:59:14","guid":{"rendered":"http:\/\/articulos.sld.cu\/editorhome\/?p=13765"},"modified":"2013-07-24T11:59:14","modified_gmt":"2013-07-24T15:59:14","slug":"dr-jose-manuel-mir-del-junco-1905-1983","status":"publish","type":"post","link":"https:\/\/contenidosportal.sld.cu\/editorhome\/2013\/07\/24\/dr-jose-manuel-mir-del-junco-1905-1983\/","title":{"rendered":"Dr. Jos\u00e9 Manuel Mir del Junco (1905-1983)"},"content":{"rendered":"<p><strong>Dr. Jos\u00e9 Manuel Mir del Junco (1905-1983)<a href=\"https:\/\/contenidosportal.sld.cu\/editorhome\/wp-content\/uploads\/sites\/3\/2013\/07\/mir_del_junco.jpg\"><img loading=\"lazy\" decoding=\"async\" class=\"alignleft size-full wp-image-13766\" src=\"https:\/\/contenidosportal.sld.cu\/editorhome\/wp-content\/uploads\/sites\/3\/2013\/07\/mir_del_junco.jpg\" alt=\"Jos\u00e9 Manuel Mir del Junco\" width=\"49\" height=\"47\" \/><\/a><br \/>\n<\/strong><br \/>\nPediatra, tisi\u00f3logo, neum\u00f3logo, profesor. Se gradu\u00f3 como m\u00e9dico en 1928, en 1934 recibe el t\u00edtulo de Especialista en Enfermedades de la Infancia en la Escuela de Pediatr\u00eda creada por el profesor Dr. \u00c1ngel Arturo Aball\u00ed Arellano y que pertenec\u00eda a la C\u00e1tedra de Cl\u00ednica y Enfermedades de la Infancia de dicha Universidad.<\/p>\n<p>Obtuvo por concurso oposici\u00f3n la plaza de jefe de cl\u00ednica del Sanatorio Infantil Antituberculoso \u201c\u00c1ngel Arturo Aball\u00ed\u201d en el a\u00f1o de su fundaci\u00f3n (1944). En esa instituci\u00f3n pedi\u00e1trica estuvo laborando 39 a\u00f1os,\u00a0hasta su muerte, pues a\u00fan el d\u00eda en que falleci\u00f3 asisti\u00f3 al hospital donde durante tantos a\u00f1os trabaj\u00f3 incansablemente y donde se desempe\u00f1\u00f3 en diferentes responsabilidades asistenciales y acad\u00e9micas, como la de jefe del servicio de Neumolog\u00eda Pedi\u00e1trica durante varias d\u00e9cadas.<\/p>\n<p>Este servicio fungi\u00f3 como\u00a0Centro Nacional de Referencia al servicio de la tuberculosis y otras enfermedades respiratorias.<\/p>\n<p>Fuente: <a href=\"http:\/\/pediatria.sld.cu\/bienvenidos-al-portal-de-la-pediatria-cubana?iwp_post=2010%2F11%2F08%2FDr.%20Jos%C3%A9%20Manuel%20Mir%20del%20Junco%2F473&amp;iwp_ids=4_73&amp;from_more=4\" target=\"_blank\" rel=\"noopener noreferrer\">Dr. Jos\u00e9 Manuel Mir del Junco. Pediatras c\u00e9lebres. Portal de Pediatr\u00eda<\/a><\/p>\n","protected":false},"excerpt":{"rendered":"<p><strong><a href=\"https:\/\/contenidosportal.sld.cu\/editorhome\/wp-content\/uploads\/sites\/3\/2013\/07\/mir_del_junco.jpg\"><img loading=\"lazy\" decoding=\"async\" class=\"alignleft size-full wp-image-13766\" src=\"https:\/\/contenidosportal.sld.cu\/editorhome\/wp-content\/uploads\/sites\/3\/2013\/07\/mir_del_junco.jpg\" alt=\"Jos\u00e9 Manuel Mir del Junco\" width=\"49\" height=\"47\" \/><\/a>Dr. Jos\u00e9 Manuel Mir del Junco (1905-1983)<\/strong><br \/>\nPediatra, tisi\u00f3logo, neum\u00f3logo, profesor. Se gradu\u00f3 como m\u00e9dico en 1928, en 1934 recibe el t\u00edtulo de Especialista en Enfermedades de la Infancia en la Escuela de Pediatr\u00eda creada por el profesor Dr. \u00c1ngel Arturo Aball\u00ed Arellano y que pertenec\u00eda a la C\u00e1tedra de Cl\u00ednica y Enfermedades de la Infancia de dicha Universidad.<br \/>\nObtuvo por concurso oposici\u00f3n la plaza de jefe de cl\u00ednica del Sanatorio Infantil Antituberculoso \u201c\u00c1ngel Arturo Aball\u00ed\u201d en el a\u00f1o de su fundaci\u00f3n (1944). En esa instituci\u00f3n pedi\u00e1trica estuvo laborando 39 a\u00f1os, hasta su muerte, pues a\u00fan el d\u00eda en que falleci\u00f3 asisti\u00f3 al hospital donde durante tantos a\u00f1os trabaj\u00f3 incansablemente y donde se desempe\u00f1\u00f3 en diferentes responsabilidades asistenciales y acad\u00e9micas, como la de jefe del servicio de Neumolog\u00eda Pedi\u00e1trica durante varias d\u00e9cadas. <\/p>\n","protected":false},"author":22,"featured_media":0,"comment_status":"closed","ping_status":"closed","sticky":false,"template":"","format":"standard","meta":{"footnotes":""},"categories":[85],"tags":[1134,2248,2495,2909,3108,3110,3988,4057],"class_list":["post-13765","post","type-post","status-publish","format-standard","hentry","category-sabia-que","tag-cuba","tag-hospital-pediatrico-universitario-angel-arturo-aballi","tag-jose-manuel-mir-del-junco","tag-neumologia","tag-pediatra","tag-pediatria","tag-tisiologia","tag-tuberculosis"],"_links":{"self":[{"href":"https:\/\/contenidosportal.sld.cu\/editorhome\/wp-json\/wp\/v2\/posts\/13765","targetHints":{"allow":["GET"]}}],"collection":[{"href":"https:\/\/contenidosportal.sld.cu\/editorhome\/wp-json\/wp\/v2\/posts"}],"about":[{"href":"https:\/\/contenidosportal.sld.cu\/editorhome\/wp-json\/wp\/v2\/types\/post"}],"author":[{"embeddable":true,"href":"https:\/\/contenidosportal.sld.cu\/editorhome\/wp-json\/wp\/v2\/users\/22"}],"replies":[{"embeddable":true,"href":"https:\/\/contenidosportal.sld.cu\/editorhome\/wp-json\/wp\/v2\/comments?post=13765"}],"version-history":[{"count":0,"href":"https:\/\/contenidosportal.sld.cu\/editorhome\/wp-json\/wp\/v2\/posts\/13765\/revisions"}],"wp:attachment":[{"href":"https:\/\/contenidosportal.sld.cu\/editorhome\/wp-json\/wp\/v2\/media?parent=13765"}],"wp:term":[{"taxonomy":"category","embeddable":true,"href":"https:\/\/contenidosportal.sld.cu\/editorhome\/wp-json\/wp\/v2\/categories?post=13765"},{"taxonomy":"post_tag","embeddable":true,"href":"https:\/\/contenidosportal.sld.cu\/editorhome\/wp-json\/wp\/v2\/tags?post=13765"}],"curies":[{"name":"wp","href":"https:\/\/api.w.org\/{rel}","templated":true}]}}